{"id":12179,"date":"2025-02-24T15:13:55","date_gmt":"2025-02-24T18:13:55","guid":{"rendered":"https:\/\/laserenaradio.cl\/web\/?p=12179"},"modified":"2025-02-24T15:13:55","modified_gmt":"2025-02-24T18:13:55","slug":"investigan-muerte-de-chofer-asaltado-y-apunalado-en-renca","status":"publish","type":"post","link":"https:\/\/laserenaradio.cl\/web\/2025\/02\/24\/investigan-muerte-de-chofer-asaltado-y-apunalado-en-renca\/","title":{"rendered":"Investigan muerte de chofer asaltado y apu\u00f1alado en Renca"},"content":{"rendered":"<p><b>En la madrugada de Renca, dos falsos pasajeros asaltaron y apu\u00f1alaron al conductor de una aplicaci\u00f3n m\u00f3vil<\/b><!--more-->.<\/p>\n<p>La v\u00edctima fue estabilizada por <a href=\"https:\/\/www.carabineros.cl\/\">Carabineros<\/a> en Quilicura, donde logr\u00f3 prestar declaraci\u00f3n; sin embargo, falleci\u00f3 horas despu\u00e9s en un centro asistencial.<\/p>\n<p>La 49.\u00aa Comisar\u00eda de Quilicura investiga el caso, y la SIP ha instruido diligencias con el apoyo del Ministerio P\u00fablico.<\/p>\n<p>En el marco de la investigaci\u00f3n se encontr\u00f3 un veh\u00edculo que corresponde a la v\u00edctima en la misma comuna.<\/p>\n<p>Las autoridades buscan esclarecer los hechos, enfoc\u00e1ndose especialmente en las circunstancias en que dos desconocidos aprovecharon la situaci\u00f3n para robarle el autom\u00f3vil y provocar heridas graves.<\/p>\n<p>La investigaci\u00f3n contin\u00faa con el objetivo de identificar a los responsables y prevenir futuros delitos similares.<\/p>\n","protected":false},"excerpt":{"rendered":"<p>En la madrugada de Renca, dos falsos pasajeros asaltaron y apu\u00f1alaron al conductor de una aplicaci\u00f3n m\u00f3vil<\/p>\n","protected":false},"author":2,"featured_media":12178,"comment_status":"closed","ping_status":"open","sticky":false,"template":"","format":"standard","meta":{"_jetpack_memberships_contains_paid_content":false,"jnews-multi-image_gallery":[],"jnews_single_post":[],"jnews_primary_category":[],"jnews_social_meta":[],"jnews_paywall_metabox":[],"jnews_review":[],"enable_review":"","type":"","name":"","summary":"","brand":"","sku":"","good":[],"bad":[],"score_override":"","override_value":"","rating":[],"price":[],"jnews_override_counter":[],"jnews_post_split":[],"footnotes":""},"categories":[21],"tags":[],"class_list":["post-12179","post","type-post","status-publish","format-standard","has-post-thumbnail","hentry","category-nacional"],"jetpack_featured_media_url":"https:\/\/laserenaradio.cl\/web\/wp-content\/uploads\/2025\/02\/homepiaiextractoscrapimg_webpQuilicuraRencacarabinerosCarabineros_0.webp","jetpack_sharing_enabled":true,"_links":{"self":[{"href":"https:\/\/laserenaradio.cl\/web\/wp-json\/wp\/v2\/posts\/12179","targetHints":{"allow":["GET"]}}],"collection":[{"href":"https:\/\/laserenaradio.cl\/web\/wp-json\/wp\/v2\/posts"}],"about":[{"href":"https:\/\/laserenaradio.cl\/web\/wp-json\/wp\/v2\/types\/post"}],"author":[{"embeddable":true,"href":"https:\/\/laserenaradio.cl\/web\/wp-json\/wp\/v2\/users\/2"}],"replies":[{"embeddable":true,"href":"https:\/\/laserenaradio.cl\/web\/wp-json\/wp\/v2\/comments?post=12179"}],"version-history":[{"count":1,"href":"https:\/\/laserenaradio.cl\/web\/wp-json\/wp\/v2\/posts\/12179\/revisions"}],"predecessor-version":[{"id":12180,"href":"https:\/\/laserenaradio.cl\/web\/wp-json\/wp\/v2\/posts\/12179\/revisions\/12180"}],"wp:featuredmedia":[{"embeddable":true,"href":"https:\/\/laserenaradio.cl\/web\/wp-json\/wp\/v2\/media\/12178"}],"wp:attachment":[{"href":"https:\/\/laserenaradio.cl\/web\/wp-json\/wp\/v2\/media?parent=12179"}],"wp:term":[{"taxonomy":"category","embeddable":true,"href":"https:\/\/laserenaradio.cl\/web\/wp-json\/wp\/v2\/categories?post=12179"},{"taxonomy":"post_tag","embeddable":true,"href":"https:\/\/laserenaradio.cl\/web\/wp-json\/wp\/v2\/tags?post=12179"}],"curies":[{"name":"wp","href":"https:\/\/api.w.org\/{rel}","templated":true}]}}