{"id":12176,"date":"2025-02-24T14:13:14","date_gmt":"2025-02-24T17:13:14","guid":{"rendered":"https:\/\/laserenaradio.cl\/web\/?p=12176"},"modified":"2025-02-24T14:13:14","modified_gmt":"2025-02-24T17:13:14","slug":"los-alumnos-se-preparan-para-dar-inicio-al-ano-escolar-2025-con-clases-a-partir-del-miercoles-5-de-marzo","status":"publish","type":"post","link":"https:\/\/laserenaradio.cl\/web\/2025\/02\/24\/los-alumnos-se-preparan-para-dar-inicio-al-ano-escolar-2025-con-clases-a-partir-del-miercoles-5-de-marzo\/","title":{"rendered":"Los alumnos se preparan para dar inicio al a\u00f1o escolar 2025 con clases a partir del mi\u00e9rcoles 5 de marzo"},"content":{"rendered":"<p><b>Seg\u00fan el <a href=\"https:\/\/www.mineduc.cl\/\">Ministerio de Educaci\u00f3n<\/a>, m\u00e1s de 3 millones de estudiantes se preparan para volver a sus estudios despu\u00e9s de las vacaciones de verano en marzo de 2025<\/b><!--more-->.<\/p>\n<p>El cronograma oficial del Mineduc para establecimientos p\u00fablicos y subvencionados de educaci\u00f3n b\u00e1sica y ense\u00f1anza media incluye no solo el inicio del a\u00f1o escolar, sino tambi\u00e9n la programaci\u00f3n para las pr\u00f3ximas vacaciones de invierno y el cierre del a\u00f1o acad\u00e9mico.<\/p>\n<p>Los docentes comienzan sus labores en la mayor\u00eda de las regiones el lunes 3 de marzo. Sin embargo, en Ays\u00e9n, los profesores empiezan su jornada este jueves 27 de febrero, para que los estudiantes regresen a las aulas el lunes 3 de marzo.<\/p>\n<p>Estad\u00edsticas del Ministerio sugieren que entre el 26 y el 28 de febrero, aproximadamente 77 mil estudiantes retornar\u00e1n a sus estudios.<\/p>\n<p>Desde el lunes 3 hasta el viernes 7 de marzo (incluyendo el mi\u00e9rcoles 5, d\u00eda oficial de regreso a clases), se estima que m\u00e1s de 3.046.000 alumnos reinician sus actividades escolares en Chile.<\/p>\n","protected":false},"excerpt":{"rendered":"<p>Seg\u00fan el Ministerio de Educaci\u00f3n, m\u00e1s de 3 millones de estudiantes se preparan para volver a sus estudios despu\u00e9s de las vacaciones de verano en marzo de 2025<\/p>\n","protected":false},"author":2,"featured_media":12175,"comment_status":"closed","ping_status":"open","sticky":false,"template":"","format":"standard","meta":{"_jetpack_memberships_contains_paid_content":false,"jnews-multi-image_gallery":[],"jnews_single_post":[],"jnews_primary_category":[],"jnews_social_meta":[],"jnews_paywall_metabox":[],"jnews_review":[],"enable_review":"","type":"","name":"","summary":"","brand":"","sku":"","good":[],"bad":[],"score_override":"","override_value":"","rating":[],"price":[],"jnews_override_counter":[],"jnews_post_split":[],"footnotes":""},"categories":[21],"tags":[],"class_list":["post-12176","post","type-post","status-publish","format-standard","has-post-thumbnail","hentry","category-nacional"],"jetpack_featured_media_url":"https:\/\/laserenaradio.cl\/web\/wp-content\/uploads\/2025\/02\/homepiaiextractoscrapimg_webpestudiantesvacacionesescolar_0.webp","jetpack_sharing_enabled":true,"_links":{"self":[{"href":"https:\/\/laserenaradio.cl\/web\/wp-json\/wp\/v2\/posts\/12176","targetHints":{"allow":["GET"]}}],"collection":[{"href":"https:\/\/laserenaradio.cl\/web\/wp-json\/wp\/v2\/posts"}],"about":[{"href":"https:\/\/laserenaradio.cl\/web\/wp-json\/wp\/v2\/types\/post"}],"author":[{"embeddable":true,"href":"https:\/\/laserenaradio.cl\/web\/wp-json\/wp\/v2\/users\/2"}],"replies":[{"embeddable":true,"href":"https:\/\/laserenaradio.cl\/web\/wp-json\/wp\/v2\/comments?post=12176"}],"version-history":[{"count":1,"href":"https:\/\/laserenaradio.cl\/web\/wp-json\/wp\/v2\/posts\/12176\/revisions"}],"predecessor-version":[{"id":12177,"href":"https:\/\/laserenaradio.cl\/web\/wp-json\/wp\/v2\/posts\/12176\/revisions\/12177"}],"wp:featuredmedia":[{"embeddable":true,"href":"https:\/\/laserenaradio.cl\/web\/wp-json\/wp\/v2\/media\/12175"}],"wp:attachment":[{"href":"https:\/\/laserenaradio.cl\/web\/wp-json\/wp\/v2\/media?parent=12176"}],"wp:term":[{"taxonomy":"category","embeddable":true,"href":"https:\/\/laserenaradio.cl\/web\/wp-json\/wp\/v2\/categories?post=12176"},{"taxonomy":"post_tag","embeddable":true,"href":"https:\/\/laserenaradio.cl\/web\/wp-json\/wp\/v2\/tags?post=12176"}],"curies":[{"name":"wp","href":"https:\/\/api.w.org\/{rel}","templated":true}]}}