{"id":12173,"date":"2025-02-24T14:09:10","date_gmt":"2025-02-24T17:09:10","guid":{"rendered":"https:\/\/laserenaradio.cl\/web\/?p=12173"},"modified":"2025-02-24T14:09:10","modified_gmt":"2025-02-24T17:09:10","slug":"moreira-acusa-a-kast-y-kaiser-de-perseguir-sus-intereses-personales-y-no-el-bienestar-de-chile","status":"publish","type":"post","link":"https:\/\/laserenaradio.cl\/web\/2025\/02\/24\/moreira-acusa-a-kast-y-kaiser-de-perseguir-sus-intereses-personales-y-no-el-bienestar-de-chile\/","title":{"rendered":"Moreira acusa a Kast y Kaiser de perseguir sus intereses personales y no el bienestar de Chile"},"content":{"rendered":"<p><b>El senador Iv\u00e1n Moreira de la UDI analiz\u00f3 el escenario pol\u00edtico para las pr\u00f3ximas elecciones presidenciales en la oposici\u00f3n<\/b><!--more-->.<\/p>\n<p>Asegur\u00f3 que si la derecha pierde, \u201cvan a haber dos responsables: el Partido Republicano con su dirigente Kast y el insipiente Partido Libertario con Kaiser\u201d.<\/p>\n<p>En entrevista con Radio Pauta, Moreira indic\u00f3 que las decisiones principales en su sector se tomar\u00e1n a partir de marzo. Sin embargo, no hay claridad sobre si habr\u00e1 primarias en su agrupaci\u00f3n.<\/p>\n<p>Moreira cuestion\u00f3 que tanto Kast como Kaiser se negaran a una primaria que incluya a Chile Vamos. \u201cLo que buscan ellos es un camino propio para liderar la derecha\u201d, lo que podr\u00eda tener efectos negativos para la oposici\u00f3n, argument\u00f3.<\/p>\n<p>Moreira afirm\u00f3 que ambas candidaturas \u201cno est\u00e1n pensando en Chile\u201d y llevan una pol\u00edtica de \u201cromperlo todo\u201d.<\/p>\n<p>Recalc\u00f3 que estas cartas no tienen consciencia del da\u00f1o que est\u00e1n causando.<\/p>\n","protected":false},"excerpt":{"rendered":"<p>El senador Iv\u00e1n Moreira de la UDI analiz\u00f3 el escenario pol\u00edtico para las pr\u00f3ximas elecciones presidenciales en la oposici\u00f3n<\/p>\n","protected":false},"author":2,"featured_media":12172,"comment_status":"closed","ping_status":"open","sticky":false,"template":"","format":"standard","meta":{"_jetpack_memberships_contains_paid_content":false,"jnews-multi-image_gallery":[],"jnews_single_post":[],"jnews_primary_category":[],"jnews_social_meta":[],"jnews_paywall_metabox":[],"jnews_review":[],"enable_review":"","type":"","name":"","summary":"","brand":"","sku":"","good":[],"bad":[],"score_override":"","override_value":"","rating":[],"price":[],"jnews_override_counter":[],"jnews_post_split":[],"footnotes":""},"categories":[83],"tags":[],"class_list":["post-12173","post","type-post","status-publish","format-standard","has-post-thumbnail","hentry","category-politica"],"jetpack_featured_media_url":"https:\/\/laserenaradio.cl\/web\/wp-content\/uploads\/2025\/02\/homepiaiextractoscrapimg_webpMoreiraKast_0.webp","jetpack_sharing_enabled":true,"_links":{"self":[{"href":"https:\/\/laserenaradio.cl\/web\/wp-json\/wp\/v2\/posts\/12173","targetHints":{"allow":["GET"]}}],"collection":[{"href":"https:\/\/laserenaradio.cl\/web\/wp-json\/wp\/v2\/posts"}],"about":[{"href":"https:\/\/laserenaradio.cl\/web\/wp-json\/wp\/v2\/types\/post"}],"author":[{"embeddable":true,"href":"https:\/\/laserenaradio.cl\/web\/wp-json\/wp\/v2\/users\/2"}],"replies":[{"embeddable":true,"href":"https:\/\/laserenaradio.cl\/web\/wp-json\/wp\/v2\/comments?post=12173"}],"version-history":[{"count":1,"href":"https:\/\/laserenaradio.cl\/web\/wp-json\/wp\/v2\/posts\/12173\/revisions"}],"predecessor-version":[{"id":12174,"href":"https:\/\/laserenaradio.cl\/web\/wp-json\/wp\/v2\/posts\/12173\/revisions\/12174"}],"wp:featuredmedia":[{"embeddable":true,"href":"https:\/\/laserenaradio.cl\/web\/wp-json\/wp\/v2\/media\/12172"}],"wp:attachment":[{"href":"https:\/\/laserenaradio.cl\/web\/wp-json\/wp\/v2\/media?parent=12173"}],"wp:term":[{"taxonomy":"category","embeddable":true,"href":"https:\/\/laserenaradio.cl\/web\/wp-json\/wp\/v2\/categories?post=12173"},{"taxonomy":"post_tag","embeddable":true,"href":"https:\/\/laserenaradio.cl\/web\/wp-json\/wp\/v2\/tags?post=12173"}],"curies":[{"name":"wp","href":"https:\/\/api.w.org\/{rel}","templated":true}]}}