{"id":12164,"date":"2025-02-24T11:45:32","date_gmt":"2025-02-24T14:45:32","guid":{"rendered":"https:\/\/laserenaradio.cl\/web\/?p=12164"},"modified":"2025-02-24T11:45:32","modified_gmt":"2025-02-24T14:45:32","slug":"hombre-fallece-apunalado-en-ovalle","status":"publish","type":"post","link":"https:\/\/laserenaradio.cl\/web\/2025\/02\/24\/hombre-fallece-apunalado-en-ovalle\/","title":{"rendered":"Hombre fallece apu\u00f1alado en Ovalle"},"content":{"rendered":"<p><b>En horas de esta ma\u00f1ana, un homicidio con arma cortante ocurri\u00f3 en la poblaci\u00f3n El Mirados II, ubicada en la comuna de Ovalle<\/b><!--more-->.<\/p>\n<p>El crimen se registr\u00f3 a las 10:00 AM, dejando como v\u00edctima a un hombre de 29 a\u00f1os que result\u00f3 apu\u00f1alado en su pierna derecha.<\/p>\n<p>La v\u00edctima, conocida por antecedentes policiales, muri\u00f3 sin que se aclare el motivo del asesinato.<\/p>\n<p>Seg\u00fan informes preliminares, fue encontrado muerto por un vecino que transitaba por la zona; actualmente se investiga si el homicidio ocurri\u00f3 en el lugar o si la v\u00edctima fue trasladada desde otro sitio hasta donde falleci\u00f3.<\/p>\n<p>Personal policial se encuentra en el \u00e1rea para realizar la investigaci\u00f3n correspondiente y esclarecer los detalles del crimen.<\/p>\n","protected":false},"excerpt":{"rendered":"<p>En horas de esta ma\u00f1ana, un homicidio con arma cortante ocurri\u00f3 en la poblaci\u00f3n El Mirados II, ubicada en la comuna de Ovalle<\/p>\n","protected":false},"author":2,"featured_media":12163,"comment_status":"closed","ping_status":"open","sticky":false,"template":"","format":"standard","meta":{"_jetpack_memberships_contains_paid_content":false,"jnews-multi-image_gallery":[],"jnews_single_post":[],"jnews_primary_category":[],"jnews_social_meta":[],"jnews_paywall_metabox":[],"jnews_review":[],"enable_review":"","type":"","name":"","summary":"","brand":"","sku":"","good":[],"bad":[],"score_override":"","override_value":"","rating":[],"price":[],"jnews_override_counter":[],"jnews_post_split":[],"footnotes":""},"categories":[21],"tags":[],"class_list":["post-12164","post","type-post","status-publish","format-standard","has-post-thumbnail","hentry","category-nacional"],"jetpack_featured_media_url":"https:\/\/laserenaradio.cl\/web\/wp-content\/uploads\/2025\/02\/homepiaiextractoscrapimg_webphomicidiocrimen_1.webp","jetpack_sharing_enabled":true,"_links":{"self":[{"href":"https:\/\/laserenaradio.cl\/web\/wp-json\/wp\/v2\/posts\/12164","targetHints":{"allow":["GET"]}}],"collection":[{"href":"https:\/\/laserenaradio.cl\/web\/wp-json\/wp\/v2\/posts"}],"about":[{"href":"https:\/\/laserenaradio.cl\/web\/wp-json\/wp\/v2\/types\/post"}],"author":[{"embeddable":true,"href":"https:\/\/laserenaradio.cl\/web\/wp-json\/wp\/v2\/users\/2"}],"replies":[{"embeddable":true,"href":"https:\/\/laserenaradio.cl\/web\/wp-json\/wp\/v2\/comments?post=12164"}],"version-history":[{"count":1,"href":"https:\/\/laserenaradio.cl\/web\/wp-json\/wp\/v2\/posts\/12164\/revisions"}],"predecessor-version":[{"id":12165,"href":"https:\/\/laserenaradio.cl\/web\/wp-json\/wp\/v2\/posts\/12164\/revisions\/12165"}],"wp:featuredmedia":[{"embeddable":true,"href":"https:\/\/laserenaradio.cl\/web\/wp-json\/wp\/v2\/media\/12163"}],"wp:attachment":[{"href":"https:\/\/laserenaradio.cl\/web\/wp-json\/wp\/v2\/media?parent=12164"}],"wp:term":[{"taxonomy":"category","embeddable":true,"href":"https:\/\/laserenaradio.cl\/web\/wp-json\/wp\/v2\/categories?post=12164"},{"taxonomy":"post_tag","embeddable":true,"href":"https:\/\/laserenaradio.cl\/web\/wp-json\/wp\/v2\/tags?post=12164"}],"curies":[{"name":"wp","href":"https:\/\/api.w.org\/{rel}","templated":true}]}}