{"id":12161,"date":"2025-02-24T11:43:15","date_gmt":"2025-02-24T14:43:15","guid":{"rendered":"https:\/\/laserenaradio.cl\/web\/?p=12161"},"modified":"2025-02-24T11:43:15","modified_gmt":"2025-02-24T14:43:15","slug":"abogado-de-las-victimas-de-juan-carlos-reinao-anuncia-demanda-por-indemnizacion","status":"publish","type":"post","link":"https:\/\/laserenaradio.cl\/web\/2025\/02\/24\/abogado-de-las-victimas-de-juan-carlos-reinao-anuncia-demanda-por-indemnizacion\/","title":{"rendered":"Abogado de las v\u00edctimas de Juan Carlos Reinao anuncia demanda por indemnizaci\u00f3n"},"content":{"rendered":"<p><b>Un abogado presentar\u00e1 una demanda indemnizatoria en contra del exalcalde de Renaico, Juan Carlos Reinao, quien se encuentra en prisi\u00f3n preventiva y enfrenta acusaciones de connotaci\u00f3n sexual<\/b><!--more-->.<\/p>\n<p>La acci\u00f3n legal se inscribe dentro de la investigaci\u00f3n criminal iniciada por el Ministerio P\u00fablico.<\/p>\n<p>Reinao est\u00e1 formalizado por violaci\u00f3n, abuso sexual e inducci\u00f3n al aborto, cargos que lo tienen detenido desde hace 15 meses.<\/p>\n<p>Francisco Rodr\u00edguez, el abogado de las v\u00edctimas, ha expresado que esta demanda busca no solo garantizar la justicia penal, sino tambi\u00e9n asegurar una reparaci\u00f3n econ\u00f3mica para compensar el da\u00f1o sufrido por los victimarios.<\/p>\n<p>La presentaci\u00f3n de la demanda se espera tras el cierre de la investigaci\u00f3n, con un plazo m\u00e1ximo de 30 d\u00edas.<\/p>\n<p>Este t\u00e9rmino es crucial y depender\u00e1 de las diligencias pendientes en la causa, solicitadas por la defensa del exalcalde.<\/p>\n<p>Seg\u00fan Rodr\u00edguez, este per\u00edodo deber\u00eda ser considerado definitivo para culminar las investigaciones.<\/p>\n<p>Hasta el momento, no se ha obtenido respuesta de la defensa de Juan Carlos Reinao.<\/p>\n<p>La misma abogada que representa al exfutbolista Jorge Valdivia en similares procesos, Paula Vial, actualmente se encarga de su representaci\u00f3n legal.<\/p>\n","protected":false},"excerpt":{"rendered":"<p>Un abogado presentar\u00e1 una demanda indemnizatoria en contra del exalcalde de Renaico, Juan Carlos Reinao, quien se encuentra en prisi\u00f3n preventiva y enfrenta acusaciones de connotaci\u00f3n sexual<\/p>\n","protected":false},"author":2,"featured_media":12160,"comment_status":"closed","ping_status":"open","sticky":false,"template":"","format":"standard","meta":{"_jetpack_memberships_contains_paid_content":false,"jnews-multi-image_gallery":[],"jnews_single_post":[],"jnews_primary_category":[],"jnews_social_meta":[],"jnews_paywall_metabox":[],"jnews_review":[],"enable_review":"","type":"","name":"","summary":"","brand":"","sku":"","good":[],"bad":[],"score_override":"","override_value":"","rating":[],"price":[],"jnews_override_counter":[],"jnews_post_split":[],"footnotes":""},"categories":[21],"tags":[],"class_list":["post-12161","post","type-post","status-publish","format-standard","has-post-thumbnail","hentry","category-nacional"],"jetpack_featured_media_url":"https:\/\/laserenaradio.cl\/web\/wp-content\/uploads\/2025\/02\/homepiaiextractoscrapimg_webpdemandaJuanCarlosReinaosexualabogado_1.webp","jetpack_sharing_enabled":true,"_links":{"self":[{"href":"https:\/\/laserenaradio.cl\/web\/wp-json\/wp\/v2\/posts\/12161","targetHints":{"allow":["GET"]}}],"collection":[{"href":"https:\/\/laserenaradio.cl\/web\/wp-json\/wp\/v2\/posts"}],"about":[{"href":"https:\/\/laserenaradio.cl\/web\/wp-json\/wp\/v2\/types\/post"}],"author":[{"embeddable":true,"href":"https:\/\/laserenaradio.cl\/web\/wp-json\/wp\/v2\/users\/2"}],"replies":[{"embeddable":true,"href":"https:\/\/laserenaradio.cl\/web\/wp-json\/wp\/v2\/comments?post=12161"}],"version-history":[{"count":1,"href":"https:\/\/laserenaradio.cl\/web\/wp-json\/wp\/v2\/posts\/12161\/revisions"}],"predecessor-version":[{"id":12162,"href":"https:\/\/laserenaradio.cl\/web\/wp-json\/wp\/v2\/posts\/12161\/revisions\/12162"}],"wp:featuredmedia":[{"embeddable":true,"href":"https:\/\/laserenaradio.cl\/web\/wp-json\/wp\/v2\/media\/12160"}],"wp:attachment":[{"href":"https:\/\/laserenaradio.cl\/web\/wp-json\/wp\/v2\/media?parent=12161"}],"wp:term":[{"taxonomy":"category","embeddable":true,"href":"https:\/\/laserenaradio.cl\/web\/wp-json\/wp\/v2\/categories?post=12161"},{"taxonomy":"post_tag","embeddable":true,"href":"https:\/\/laserenaradio.cl\/web\/wp-json\/wp\/v2\/tags?post=12161"}],"curies":[{"name":"wp","href":"https:\/\/api.w.org\/{rel}","templated":true}]}}