{"id":12146,"date":"2025-02-23T23:55:27","date_gmt":"2025-02-24T02:55:27","guid":{"rendered":"https:\/\/laserenaradio.cl\/web\/?p=12146"},"modified":"2025-02-23T23:55:27","modified_gmt":"2025-02-24T02:55:27","slug":"la-aprobacion-del-ministro-de-hacienda-mario-marcel-cayo-a-su-nivel-mas-bajo-que-le-paso-al-gobierno","status":"publish","type":"post","link":"https:\/\/laserenaradio.cl\/web\/2025\/02\/23\/la-aprobacion-del-ministro-de-hacienda-mario-marcel-cayo-a-su-nivel-mas-bajo-que-le-paso-al-gobierno\/","title":{"rendered":"La aprobaci\u00f3n del ministro de Hacienda Mario Marcel cay\u00f3 a su nivel m\u00e1s bajo: \u00bfqu\u00e9 le pas\u00f3 al gobierno?"},"content":{"rendered":"<p><b>En una reciente encuesta Cadem, se revel\u00f3 que la aprobaci\u00f3n del ministro de Hacienda, Mario Marcel, cay\u00f3 hasta su nivel m\u00e1s bajo desde marzo de 2022<\/b><!--more-->.<\/p>\n<p>El secretario de Estado perdi\u00f3 seis puntos porcentuales en comparaci\u00f3n con la \u00faltima evaluaci\u00f3n, tras una semana plagada de pol\u00e9micas transferencias de Corfo al Gobierno, que ascienden a $3,4 billones.<\/p>\n<p>La encuesta Cadem se realiz\u00f3 entre el mi\u00e9rcoles y viernes pasados, logrando un total de 710 entrevistas tras 6.372 llamadas, lo que representa una tasa de respuesta del 11,1%.<\/p>\n<p>Entre los resultados m\u00e1s destacados, la aprobaci\u00f3n del ministro de Hacienda disminuy\u00f3 de 51% a 45%, mientras que un 41% de los encuestados consider\u00f3 que las transferencias de Corfo fueron la noticia m\u00e1s importante de la semana.<\/p>\n<p>El ministro mejor evaluado fue Jaime Pizarro, quien ocupa el cargo como titular del Deporte y obtuvo una aprobaci\u00f3n del 75%.<\/p>\n<p>En segundo lugar se sit\u00faa Carolina Arredondo, ministra de las Culturas, las Artes y el Patrimonio con un 61%, seguida por Alberto Van Klaveren, ministro de Relaciones Exteriores, quien recort\u00f3 6 puntos a su tasa de aprobaci\u00f3n.<\/p>\n<p>Los peores evaluados en t\u00e9rminos de aprobaci\u00f3n fueron Carlos Montes, ministro de Vivienda y Urbanismo (40%), Maya Fern\u00e1ndez, ministra de Defensa (40%) y Carolina Toh\u00e1, ministra del Interior (37%).<\/p>\n<p>Por otro lado, la aprobaci\u00f3n del presidente Gabriel Boric disminuy\u00f3 de 32% a 29%, mientras que su desaprobaci\u00f3n subi\u00f3 desde 62% hasta 64%.<\/p>\n<p>La encuesta Cadem tambi\u00e9n sonde\u00f3 sobre el Festival de Vi\u00f1a del Mar; el 28% de los encuestados afirm\u00f3 que lo ver\u00e1n, y el 33% opin\u00f3 que ser\u00e1 mejor o igual a las ediciones pasadas.<\/p>\n<p>El 40% de los encuestados considera que Marc Anthony es el mejor artista para este a\u00f1o, mientras que Edo Caroe se impone como el humorista m\u00e1s destacado con un 29%.<\/p>\n","protected":false},"excerpt":{"rendered":"<p>En una reciente encuesta Cadem, se revel\u00f3 que la aprobaci\u00f3n del ministro de Hacienda, Mario Marcel, cay\u00f3 hasta su nivel m\u00e1s bajo desde marzo de 2022<\/p>\n","protected":false},"author":2,"featured_media":12145,"comment_status":"closed","ping_status":"open","sticky":false,"template":"","format":"standard","meta":{"_jetpack_memberships_contains_paid_content":false,"jnews-multi-image_gallery":[],"jnews_single_post":[],"jnews_primary_category":[],"jnews_social_meta":[],"jnews_paywall_metabox":[],"jnews_review":[],"enable_review":"","type":"","name":"","summary":"","brand":"","sku":"","good":[],"bad":[],"score_override":"","override_value":"","rating":[],"price":[],"jnews_override_counter":[],"jnews_post_split":[],"footnotes":""},"categories":[83],"tags":[],"class_list":["post-12146","post","type-post","status-publish","format-standard","has-post-thumbnail","hentry","category-politica"],"jetpack_featured_media_url":"https:\/\/laserenaradio.cl\/web\/wp-content\/uploads\/2025\/02\/homepiaiextractoscrapimg_webpHaciendaMario_1.webp","jetpack_sharing_enabled":true,"_links":{"self":[{"href":"https:\/\/laserenaradio.cl\/web\/wp-json\/wp\/v2\/posts\/12146","targetHints":{"allow":["GET"]}}],"collection":[{"href":"https:\/\/laserenaradio.cl\/web\/wp-json\/wp\/v2\/posts"}],"about":[{"href":"https:\/\/laserenaradio.cl\/web\/wp-json\/wp\/v2\/types\/post"}],"author":[{"embeddable":true,"href":"https:\/\/laserenaradio.cl\/web\/wp-json\/wp\/v2\/users\/2"}],"replies":[{"embeddable":true,"href":"https:\/\/laserenaradio.cl\/web\/wp-json\/wp\/v2\/comments?post=12146"}],"version-history":[{"count":1,"href":"https:\/\/laserenaradio.cl\/web\/wp-json\/wp\/v2\/posts\/12146\/revisions"}],"predecessor-version":[{"id":12147,"href":"https:\/\/laserenaradio.cl\/web\/wp-json\/wp\/v2\/posts\/12146\/revisions\/12147"}],"wp:featuredmedia":[{"embeddable":true,"href":"https:\/\/laserenaradio.cl\/web\/wp-json\/wp\/v2\/media\/12145"}],"wp:attachment":[{"href":"https:\/\/laserenaradio.cl\/web\/wp-json\/wp\/v2\/media?parent=12146"}],"wp:term":[{"taxonomy":"category","embeddable":true,"href":"https:\/\/laserenaradio.cl\/web\/wp-json\/wp\/v2\/categories?post=12146"},{"taxonomy":"post_tag","embeddable":true,"href":"https:\/\/laserenaradio.cl\/web\/wp-json\/wp\/v2\/tags?post=12146"}],"curies":[{"name":"wp","href":"https:\/\/api.w.org\/{rel}","templated":true}]}}