{"id":12139,"date":"2025-02-23T20:26:15","date_gmt":"2025-02-23T23:26:15","guid":{"rendered":"https:\/\/laserenaradio.cl\/web\/?p=12139"},"modified":"2025-02-23T20:39:24","modified_gmt":"2025-02-23T23:39:24","slug":"cobresal-golea-en-casa-a-deportes-la-serena-y-suma-sus-primeros-tres-puntos-en-la-liga-de-primera","status":"publish","type":"post","link":"https:\/\/laserenaradio.cl\/web\/2025\/02\/23\/cobresal-golea-en-casa-a-deportes-la-serena-y-suma-sus-primeros-tres-puntos-en-la-liga-de-primera\/","title":{"rendered":"Cobresal golea en casa a Deportes La Serena y suma sus primeros tres puntos en la Liga de Primera"},"content":{"rendered":"\n<p><b>Cobresal venci\u00f3 a Deportes La Serena en El Cobre por la segunda fecha de la Liga de Primera 2025, sumando sus primeros tres puntos y coloc\u00e1ndose noveno temporalmente<\/b><\/p>\n\n\n\n<!--more-->\n\n\n\n<p>.<\/p>\n\n\n\n<p>Los &#8216;papayeros&#8217;, con cero unidades, son los coleros del torneo.<\/p>\n\n\n\n<p>La victoria para Cobresal comenz\u00f3 a los 36 minutos cuando Christian Moreno cabece\u00f3 un rebote que Fabi\u00e1n Cerda no control\u00f3 bien, y Lucas Alarc\u00f3n remat\u00f3 en su propia porter\u00eda.<\/p>\n\n\n\n<p>En el segundo tiempo, Diego Coelho marc\u00f3 el 2-0 tras asistencia de Jorge Henr\u00edquez, pero el tanto fue anulado por revisi\u00f3n del VAR.<\/p>\n\n\n\n<p>A los 78 minutos, Nicol\u00e1s Ferreyra logr\u00f3 un empate para La Serena con remate de cabeza. Sin embargo, la ilusi\u00f3n &#8216;papayera&#8217; dur\u00f3 poco: a los 86 minutos, C\u00e9sar Munder sell\u00f3 el triunfo cobresalino con un potente disparo al \u00e1ngulo.<\/p>\n\n\n\n<p>Para la pr\u00f3xima fecha, Cobresal recibir\u00e1 a Universidad de Chile en su casa, mientras que Deportes La Serena jugar\u00e1 como local contra Uni\u00f3n Espa\u00f1ola.<\/p>\n\n\n\n<figure class=\"wp-block-embed is-type-rich is-provider-twitter wp-block-embed-twitter\"><div class=\"wp-block-embed__wrapper\">\n<blockquote class=\"twitter-tweet\" data-width=\"500\" data-dnt=\"true\"><p lang=\"es\" dir=\"ltr\">\u2692\ufe0f \u00a1PARTIDO FINALIZADO! \ud83d\udd25 Ganoooooooo Cobresal \ud83e\udd29\u26aa\ufe0f\ud83d\udfe0<br><br>En una tarde de alegr\u00edas para los mineros y mineras, Cobresal venci\u00f3 3 a 1 a Deportes La Serena.<br><br>\u26bd\ufe0f Anotaron: Autogol, Diego Coelho y C\u00e9sar Munder. <a href=\"https:\/\/twitter.com\/hashtag\/%CA%9F%C9%AA%C9%A2%E1%B4%80%E1%B4%85%E1%B4%87%E1%B4%98%CA%80%C9%AA%E1%B4%8D%E1%B4%87%CA%80%E1%B4%80%C9%AA%E1%B4%9B%E1%B4%80%C3%BA?src=hash&amp;ref_src=twsrc%5Etfw\">#\u029f\u026a\u0262\u1d00\u1d05\u1d07\u1d18\u0280\u026a\u1d0d\u1d07\u0280\u1d00\u026a\u1d1b\u1d00\u00fa<\/a> \ud83c\udfc6<a href=\"https:\/\/twitter.com\/hashtag\/%CA%9F%E1%B4%87%C9%A2%C9%AA%C3%B3%C9%B4%E1%B4%8D%C9%AA%C9%B4%E1%B4%87%CA%80%E1%B4%80?src=hash&amp;ref_src=twsrc%5Etfw\">#\u029f\u1d07\u0262\u026a\u00f3\u0274\u1d0d\u026a\u0274\u1d07\u0280\u1d00<\/a> \ud83d\udc77\ud83c\udffb\u200d\u2642\ufe0f\ud83d\udc77\ud83c\udffb\ud83c\uddee\ud83c\uddea <a href=\"https:\/\/t.co\/YBULfmFENk\">pic.twitter.com\/YBULfmFENk<\/a><\/p>&mdash; Club de Deportes Cobresal (@ClubDepCobresal) <a href=\"https:\/\/twitter.com\/ClubDepCobresal\/status\/1893797385081336081?ref_src=twsrc%5Etfw\">February 23, 2025<\/a><\/blockquote><script async src=\"https:\/\/platform.twitter.com\/widgets.js\" charset=\"utf-8\"><\/script>\n<\/div><\/figure>\n","protected":false},"excerpt":{"rendered":"<p>Cobresal venci\u00f3 a Deportes La Serena en El Cobre por la segunda fecha de la Liga de Primera 2025, sumando sus primeros tres puntos y coloc\u00e1ndose noveno temporalmente<\/p>\n","protected":false},"author":2,"featured_media":12138,"comment_status":"closed","ping_status":"open","sticky":false,"template":"","format":"standard","meta":{"_jetpack_memberships_contains_paid_content":false,"jnews-multi-image_gallery":[],"jnews_single_post":{"format":"standard"},"jnews_primary_category":[],"jnews_social_meta":[],"jnews_paywall_metabox":[],"jnews_review":[],"enable_review":"","type":"","name":"","summary":"","brand":"","sku":"","good":[],"bad":[],"score_override":"","override_value":"","rating":[],"price":[],"jnews_override_counter":[],"jnews_post_split":[],"footnotes":""},"categories":[84],"tags":[],"class_list":["post-12139","post","type-post","status-publish","format-standard","has-post-thumbnail","hentry","category-deportes"],"jetpack_featured_media_url":"https:\/\/laserenaradio.cl\/web\/wp-content\/uploads\/2025\/02\/homepiaiextractoscrapimg_webpCobresalminutosfechaLiga_1.webp","jetpack_sharing_enabled":true,"_links":{"self":[{"href":"https:\/\/laserenaradio.cl\/web\/wp-json\/wp\/v2\/posts\/12139","targetHints":{"allow":["GET"]}}],"collection":[{"href":"https:\/\/laserenaradio.cl\/web\/wp-json\/wp\/v2\/posts"}],"about":[{"href":"https:\/\/laserenaradio.cl\/web\/wp-json\/wp\/v2\/types\/post"}],"author":[{"embeddable":true,"href":"https:\/\/laserenaradio.cl\/web\/wp-json\/wp\/v2\/users\/2"}],"replies":[{"embeddable":true,"href":"https:\/\/laserenaradio.cl\/web\/wp-json\/wp\/v2\/comments?post=12139"}],"version-history":[{"count":2,"href":"https:\/\/laserenaradio.cl\/web\/wp-json\/wp\/v2\/posts\/12139\/revisions"}],"predecessor-version":[{"id":12141,"href":"https:\/\/laserenaradio.cl\/web\/wp-json\/wp\/v2\/posts\/12139\/revisions\/12141"}],"wp:featuredmedia":[{"embeddable":true,"href":"https:\/\/laserenaradio.cl\/web\/wp-json\/wp\/v2\/media\/12138"}],"wp:attachment":[{"href":"https:\/\/laserenaradio.cl\/web\/wp-json\/wp\/v2\/media?parent=12139"}],"wp:term":[{"taxonomy":"category","embeddable":true,"href":"https:\/\/laserenaradio.cl\/web\/wp-json\/wp\/v2\/categories?post=12139"},{"taxonomy":"post_tag","embeddable":true,"href":"https:\/\/laserenaradio.cl\/web\/wp-json\/wp\/v2\/tags?post=12139"}],"curies":[{"name":"wp","href":"https:\/\/api.w.org\/{rel}","templated":true}]}}