{"id":12136,"date":"2025-02-23T20:21:46","date_gmt":"2025-02-23T23:21:46","guid":{"rendered":"https:\/\/laserenaradio.cl\/web\/?p=12136"},"modified":"2025-02-23T20:21:46","modified_gmt":"2025-02-23T23:21:46","slug":"conaf-fortalece-evaluaciones-psicologicas-para-brigadistas-tras-escandalo-de-incendios-provocados-por-funcionarios","status":"publish","type":"post","link":"https:\/\/laserenaradio.cl\/web\/2025\/02\/23\/conaf-fortalece-evaluaciones-psicologicas-para-brigadistas-tras-escandalo-de-incendios-provocados-por-funcionarios\/","title":{"rendered":"Conaf Fortalece Evaluaciones Psicol\u00f3gicas para Brigadistas tras Esc\u00e1ndalo de Incendios Provocados por Funcionarios"},"content":{"rendered":"<p><b>La Corporaci\u00f3n Nacional Forestal (Conaf) ha intensificado sus evaluaciones psicol\u00f3gicas para la selecci\u00f3n de brigadistas tras los casos involucrados en provocaciones de incendios<\/b><!--more-->.<\/p>\n<p>Seg\u00fan Conaf, el 99,7% de los incendios forestales tienen origen humano. Un ejemplo significativo es el megaincendio de Valpara\u00edso del 2 de febrero de 2024, que fue causado por siete personas: cuatro brigadistas de Conaf, dos bomberos y un funcionario de <a href=\"http:\/\/www.senapred.cl\">Senapred<\/a>. Esta red involucrada provoc\u00f3 al menos una veintena de incendios forestales entre 2021 y 2024.<\/p>\n<p>Recientemente, se han registrado 111 incendios en Chile, con la regi\u00f3n de La Araucan\u00eda liderando con 45 siniestros y el B\u00edo B\u00edo con 29. En respuesta a estos eventos, Rodrigo Illesca, director de Conaf Metropolitano, afirm\u00f3 que se est\u00e1n fortaleciendo las evaluaciones psicol\u00f3gicas para la selecci\u00f3n de brigadistas.<\/p>\n<p>A su vez, Dami\u00e1n Far\u00edas, encargado nacional de incendios forestales de <a href=\"https:\/\/www.bomberos.cl\/\">Bomberos<\/a> de Chile, asegur\u00f3 que los procesos de admisi\u00f3n para voluntarios tambi\u00e9n han sido reforzados.<\/p>\n<p>El subsecretario del Interior, Luis Cordero, se\u00f1al\u00f3 que el Gobierno evaluar\u00e1 presentar una querella contra los involucrados.<\/p>\n<p>Adem\u00e1s, Mat\u00edas Balmaceda, abogado penalista y socio de BCP Abogados, coment\u00f3 que el delito de incendio puede conllevar penas de m\u00e1s de cinco a\u00f1os y un d\u00eda de presidio.<\/p>\n<p>Conaf reiter\u00f3 la prohibici\u00f3n de realizar fogatas ante las altas temperaturas y record\u00f3 a la poblaci\u00f3n seguir las indicaciones de las autoridades en caso de evacuaci\u00f3n.<\/p>\n","protected":false},"excerpt":{"rendered":"<p>La Corporaci\u00f3n Nacional Forestal (Conaf) ha intensificado sus evaluaciones psicol\u00f3gicas para la selecci\u00f3n de brigadistas tras los casos involucrados en provocaciones de incendios<\/p>\n","protected":false},"author":2,"featured_media":12135,"comment_status":"closed","ping_status":"open","sticky":false,"template":"","format":"standard","meta":{"_jetpack_memberships_contains_paid_content":false,"jnews-multi-image_gallery":[],"jnews_single_post":[],"jnews_primary_category":[],"jnews_social_meta":[],"jnews_paywall_metabox":[],"jnews_review":[],"enable_review":"","type":"","name":"","summary":"","brand":"","sku":"","good":[],"bad":[],"score_override":"","override_value":"","rating":[],"price":[],"jnews_override_counter":[],"jnews_post_split":[],"footnotes":""},"categories":[21],"tags":[],"class_list":["post-12136","post","type-post","status-publish","format-standard","has-post-thumbnail","hentry","category-nacional"],"jetpack_featured_media_url":"https:\/\/laserenaradio.cl\/web\/wp-content\/uploads\/2025\/02\/homepiaiextractoscrapimg_webpincendiosConafbrigadistasforestales_1.webp","jetpack_sharing_enabled":true,"_links":{"self":[{"href":"https:\/\/laserenaradio.cl\/web\/wp-json\/wp\/v2\/posts\/12136","targetHints":{"allow":["GET"]}}],"collection":[{"href":"https:\/\/laserenaradio.cl\/web\/wp-json\/wp\/v2\/posts"}],"about":[{"href":"https:\/\/laserenaradio.cl\/web\/wp-json\/wp\/v2\/types\/post"}],"author":[{"embeddable":true,"href":"https:\/\/laserenaradio.cl\/web\/wp-json\/wp\/v2\/users\/2"}],"replies":[{"embeddable":true,"href":"https:\/\/laserenaradio.cl\/web\/wp-json\/wp\/v2\/comments?post=12136"}],"version-history":[{"count":1,"href":"https:\/\/laserenaradio.cl\/web\/wp-json\/wp\/v2\/posts\/12136\/revisions"}],"predecessor-version":[{"id":12137,"href":"https:\/\/laserenaradio.cl\/web\/wp-json\/wp\/v2\/posts\/12136\/revisions\/12137"}],"wp:featuredmedia":[{"embeddable":true,"href":"https:\/\/laserenaradio.cl\/web\/wp-json\/wp\/v2\/media\/12135"}],"wp:attachment":[{"href":"https:\/\/laserenaradio.cl\/web\/wp-json\/wp\/v2\/media?parent=12136"}],"wp:term":[{"taxonomy":"category","embeddable":true,"href":"https:\/\/laserenaradio.cl\/web\/wp-json\/wp\/v2\/categories?post=12136"},{"taxonomy":"post_tag","embeddable":true,"href":"https:\/\/laserenaradio.cl\/web\/wp-json\/wp\/v2\/tags?post=12136"}],"curies":[{"name":"wp","href":"https:\/\/api.w.org\/{rel}","templated":true}]}}