{"id":12133,"date":"2025-02-23T20:07:54","date_gmt":"2025-02-23T23:07:54","guid":{"rendered":"https:\/\/laserenaradio.cl\/web\/?p=12133"},"modified":"2025-02-23T20:07:54","modified_gmt":"2025-02-23T23:07:54","slug":"la-izquierda-sigue-esperando-a-michelle-bachelet-para-definir-la-candidatura-presidencial-oficialista","status":"publish","type":"post","link":"https:\/\/laserenaradio.cl\/web\/2025\/02\/23\/la-izquierda-sigue-esperando-a-michelle-bachelet-para-definir-la-candidatura-presidencial-oficialista\/","title":{"rendered":"La izquierda sigue esperando a Michelle Bachelet para definir la candidatura presidencial oficialista"},"content":{"rendered":"<p><b>A pesar de su negativa inicial, parlamentarios oficialistas perfilan a Michelle Bachelet como la mejor candidata presidencial del sector, seg\u00fan encuestas recientes que la ubican m\u00e1s cerca de Evelyn Matthei en las intenciones de voto<\/b><!--more-->.<\/p>\n<p>Aun as\u00ed, la diputada Carolina Marz\u00e1n hizo un llamado a \u201creducir la ansiedad\u201d, ante la falta de definiciones oficiales.<\/p>\n<p>En tanto, desde Amarillos y la Democracia Cristiana (DC) habr\u00eda apoyo para una eventual candidatura del expresidente Eduardo Frei Ruiz-Tagle.<\/p>\n<p>A pocos d\u00edas de que termine febrero, el debate pol\u00edtico sigue marcado por la posibilidad de que Bachelet ingrese a la carrera presidencial. Aunque la exmandataria ha reiterado en varias ocasiones que no contempla una tercera postulaci\u00f3n, en la izquierda a\u00fan hay quienes conf\u00edan en persuadirla para que reconsider\u00e9 su postura en marzo.<\/p>\n<p>En vista de la falta de liderazgos consolidados y el bajo posicionamiento de figuras como la ministra del Interior Carolina Toh\u00e1, Marz\u00e1n resalt\u00f3 que las primarias son el mejor sistema para definir a quien aspirar\u00e1 a La Moneda.<\/p>\n<p>Entre los sectores que apoyan a un eventual candidato oficialista, Eric Aedo, diputado DC y vicepresidente de la C\u00e1mara, y Andr\u00e9s Jouannett, congresista de Amarillos, aseguran que Frei Ruiz-Tagle tendr\u00eda un respaldo mayoritario en la interna.<\/p>\n<p>Desde la tienda que milita la expresidenta, el senador socialista Juan Luis Castro afirm\u00f3 que las fuerzas de centroizquierda comparten una visi\u00f3n sobre las transformaciones que necesita el pa\u00eds.<\/p>\n<p>En la encuesta Cadem revelada el pasado domingo, un 50% de los consultados respondi\u00f3 que votar\u00eda por Bachelet o lo considerar\u00eda, siendo s\u00f3lo superada por Evelyn Matthei, que lleg\u00f3 a un 55% en el mismo \u00edtem.<\/p>\n","protected":false},"excerpt":{"rendered":"<p>A pesar de su negativa inicial, parlamentarios oficialistas perfilan a Michelle Bachelet como la mejor candidata presidencial del sector, seg\u00fan encuestas recientes que la ubican m\u00e1s cerca de Evelyn Matthei en las intenciones de voto<\/p>\n","protected":false},"author":2,"featured_media":12132,"comment_status":"closed","ping_status":"open","sticky":false,"template":"","format":"standard","meta":{"_jetpack_memberships_contains_paid_content":false,"jnews-multi-image_gallery":[],"jnews_single_post":[],"jnews_primary_category":[],"jnews_social_meta":[],"jnews_paywall_metabox":[],"jnews_review":[],"enable_review":"","type":"","name":"","summary":"","brand":"","sku":"","good":[],"bad":[],"score_override":"","override_value":"","rating":[],"price":[],"jnews_override_counter":[],"jnews_post_split":[],"footnotes":""},"categories":[83],"tags":[],"class_list":["post-12133","post","type-post","status-publish","format-standard","has-post-thumbnail","hentry","category-politica"],"jetpack_featured_media_url":"https:\/\/laserenaradio.cl\/web\/wp-content\/uploads\/2025\/02\/homepiaiextractoscrapimg_webppresidencialMichelleBacheletmejorEvelynMatthei_1.webp","jetpack_sharing_enabled":true,"_links":{"self":[{"href":"https:\/\/laserenaradio.cl\/web\/wp-json\/wp\/v2\/posts\/12133","targetHints":{"allow":["GET"]}}],"collection":[{"href":"https:\/\/laserenaradio.cl\/web\/wp-json\/wp\/v2\/posts"}],"about":[{"href":"https:\/\/laserenaradio.cl\/web\/wp-json\/wp\/v2\/types\/post"}],"author":[{"embeddable":true,"href":"https:\/\/laserenaradio.cl\/web\/wp-json\/wp\/v2\/users\/2"}],"replies":[{"embeddable":true,"href":"https:\/\/laserenaradio.cl\/web\/wp-json\/wp\/v2\/comments?post=12133"}],"version-history":[{"count":1,"href":"https:\/\/laserenaradio.cl\/web\/wp-json\/wp\/v2\/posts\/12133\/revisions"}],"predecessor-version":[{"id":12134,"href":"https:\/\/laserenaradio.cl\/web\/wp-json\/wp\/v2\/posts\/12133\/revisions\/12134"}],"wp:featuredmedia":[{"embeddable":true,"href":"https:\/\/laserenaradio.cl\/web\/wp-json\/wp\/v2\/media\/12132"}],"wp:attachment":[{"href":"https:\/\/laserenaradio.cl\/web\/wp-json\/wp\/v2\/media?parent=12133"}],"wp:term":[{"taxonomy":"category","embeddable":true,"href":"https:\/\/laserenaradio.cl\/web\/wp-json\/wp\/v2\/categories?post=12133"},{"taxonomy":"post_tag","embeddable":true,"href":"https:\/\/laserenaradio.cl\/web\/wp-json\/wp\/v2\/tags?post=12133"}],"curies":[{"name":"wp","href":"https:\/\/api.w.org\/{rel}","templated":true}]}}