{"id":12130,"date":"2025-02-23T20:00:46","date_gmt":"2025-02-23T23:00:46","guid":{"rendered":"https:\/\/laserenaradio.cl\/web\/?p=12130"},"modified":"2025-02-23T20:00:46","modified_gmt":"2025-02-23T23:00:46","slug":"tribunal-condena-a-renato-molina-lagos-por-femicidio-en-coronel-familia-espera-maxima-pena","status":"publish","type":"post","link":"https:\/\/laserenaradio.cl\/web\/2025\/02\/23\/tribunal-condena-a-renato-molina-lagos-por-femicidio-en-coronel-familia-espera-maxima-pena\/","title":{"rendered":"Tribunal Condena a Renato Molina Lagos por Femicidio en Coronel: Familia Espera M\u00e1xima Pena"},"content":{"rendered":"<p><b>El Tribunal de Juicio Oral en lo Penal de Concepci\u00f3n, regi\u00f3n del B\u00edo B\u00edo, conden\u00f3 a Renato Molina Lagos por femicidio de su esposa ocurrido en Coronel en el inicio de 2023<\/b><!--more-->.<\/p>\n<p>Seg\u00fan las autoridades, el ahora condenado, de 47 a\u00f1os, agredi\u00f3 a Mariela Fuentealba Delgado, su c\u00f3nyuge de 43, golpe\u00e1ndola y apretando su cuello, lo que provoc\u00f3 la muerte por asfixia.<\/p>\n<p>El hermano de la v\u00edctima, Cristi\u00e1n, espera que se dictamine una pena de presidio perpetuo calificado.<\/p>\n<p>El caso se remonta al 12 de enero del a\u00f1o anterior cuando, en el domicilio ubicado en la poblaci\u00f3n Frank Mardones de Coronel, Molina Lagos propin\u00f3 un ataque a su esposa.<\/p>\n<p>Seg\u00fan el Ministerio P\u00fablico, las lesiones causadas y el contexto de violencia f\u00edsica y psicol\u00f3gica durante casi dos d\u00e9cadas de matrimonio conforman los hechos del crimen.<\/p>\n<p>Aunque no se demostr\u00f3 alevos\u00eda en el proceso, s\u00ed se reconoci\u00f3 la naturaleza del femicidio en un entorno de violencia de g\u00e9nero. La fiscal Carolina Somorrostro destac\u00f3 este aspecto durante las audiencias.<\/p>\n<p>La defensa espera que se considere la &#8220;irreprochable conducta anterior&#8221; y la &#8220;colaboraci\u00f3n sustancial en la investigaci\u00f3n&#8221;, pidiendo una condena no superior a 15 a\u00f1os y un d\u00eda de prisi\u00f3n. En contraste, el Ministerio P\u00fablico y las querellas solicitan presidio perpetuo simple o calificado.<\/p>\n<p>La familia de la v\u00edctima espera justicia para Mariela Fuentealba Delgado, con el deseo de que se respete el derecho a una sentencia severa.<\/p>\n","protected":false},"excerpt":{"rendered":"<p>El Tribunal de Juicio Oral en lo Penal de Concepci\u00f3n, regi\u00f3n del B\u00edo B\u00edo, conden\u00f3 a Renato Molina Lagos por femicidio de su esposa ocurrido en Coronel en el inicio de 2023<\/p>\n","protected":false},"author":2,"featured_media":12129,"comment_status":"closed","ping_status":"open","sticky":false,"template":"","format":"standard","meta":{"_jetpack_memberships_contains_paid_content":false,"jnews-multi-image_gallery":[],"jnews_single_post":[],"jnews_primary_category":[],"jnews_social_meta":[],"jnews_paywall_metabox":[],"jnews_review":[],"enable_review":"","type":"","name":"","summary":"","brand":"","sku":"","good":[],"bad":[],"score_override":"","override_value":"","rating":[],"price":[],"jnews_override_counter":[],"jnews_post_split":[],"footnotes":""},"categories":[21],"tags":[],"class_list":["post-12130","post","type-post","status-publish","format-standard","has-post-thumbnail","hentry","category-nacional"],"jetpack_featured_media_url":"https:\/\/laserenaradio.cl\/web\/wp-content\/uploads\/2025\/02\/homepiaiextractoscrapimg_webpTribunalCondena_0.webp","jetpack_sharing_enabled":true,"_links":{"self":[{"href":"https:\/\/laserenaradio.cl\/web\/wp-json\/wp\/v2\/posts\/12130","targetHints":{"allow":["GET"]}}],"collection":[{"href":"https:\/\/laserenaradio.cl\/web\/wp-json\/wp\/v2\/posts"}],"about":[{"href":"https:\/\/laserenaradio.cl\/web\/wp-json\/wp\/v2\/types\/post"}],"author":[{"embeddable":true,"href":"https:\/\/laserenaradio.cl\/web\/wp-json\/wp\/v2\/users\/2"}],"replies":[{"embeddable":true,"href":"https:\/\/laserenaradio.cl\/web\/wp-json\/wp\/v2\/comments?post=12130"}],"version-history":[{"count":1,"href":"https:\/\/laserenaradio.cl\/web\/wp-json\/wp\/v2\/posts\/12130\/revisions"}],"predecessor-version":[{"id":12131,"href":"https:\/\/laserenaradio.cl\/web\/wp-json\/wp\/v2\/posts\/12130\/revisions\/12131"}],"wp:featuredmedia":[{"embeddable":true,"href":"https:\/\/laserenaradio.cl\/web\/wp-json\/wp\/v2\/media\/12129"}],"wp:attachment":[{"href":"https:\/\/laserenaradio.cl\/web\/wp-json\/wp\/v2\/media?parent=12130"}],"wp:term":[{"taxonomy":"category","embeddable":true,"href":"https:\/\/laserenaradio.cl\/web\/wp-json\/wp\/v2\/categories?post=12130"},{"taxonomy":"post_tag","embeddable":true,"href":"https:\/\/laserenaradio.cl\/web\/wp-json\/wp\/v2\/tags?post=12130"}],"curies":[{"name":"wp","href":"https:\/\/api.w.org\/{rel}","templated":true}]}}