{"id":12127,"date":"2025-02-23T19:39:27","date_gmt":"2025-02-23T22:39:27","guid":{"rendered":"https:\/\/laserenaradio.cl\/web\/?p=12127"},"modified":"2025-02-23T19:39:27","modified_gmt":"2025-02-23T22:39:27","slug":"bomberos-investigan-origen-intencional-en-cuatro-emergencias-simultaneas-en-los-lagos","status":"publish","type":"post","link":"https:\/\/laserenaradio.cl\/web\/2025\/02\/23\/bomberos-investigan-origen-intencional-en-cuatro-emergencias-simultaneas-en-los-lagos\/","title":{"rendered":"Bomberos Investigan Origen Intencional en Cuatro Emergencias Simult\u00e1neas en Los Lagos"},"content":{"rendered":"<p><b>En la regi\u00f3n de Los R\u00edos, en la comuna de Los Lagos, bomberos voluntarios investigan un posible origen intencional tras cuatro emergencias a su cargo durante la noche del viernes y madrugada del s\u00e1bado<\/b><!--more-->.<\/p>\n<p>El primer incidente se report\u00f3 en Las Lajas, donde una casa abandonada fue completamente consumida por el fuego; testigos sugieren que el incendio pudo ser intencionado.<\/p>\n<p>Posteriormente, los bomberos fueron alertados sobre un principio de incendio cerca del Cementerio Municipal, en El Morro. All\u00ed, un carro de comida r\u00e1pida sufri\u00f3 da\u00f1os menores, pero la amenaza inicial fue controlada a tiempo.<\/p>\n<p>Asimismo, dos quemas de pastizales ocurrieron simult\u00e1neamente: una en calle Conductor N\u00fa\u00f1ez y otra en el sector de La Rotonda, en la Ruta 5 Sur.<\/p>\n<p>Seg\u00fan Miguel Segovia, comandante del cuerpo de bomberos local, preliminarmente todos los llamados presentan caracter\u00edsticas que sugieren un posible origen intencionado.<\/p>\n<p>Por ello, el Departamento de Investigaci\u00f3n de Incendios realiz\u00f3 pericias con ayuda de una c\u00e1mara t\u00e9rmica para identificar posibles patrones y similitudes entre las emergencias.<\/p>\n<p>Estos hechos han sido notificados al Ministerio P\u00fablico, quien ahora llevar\u00e1 a cabo la investigaci\u00f3n necesaria para esclarecer las causas de los siniestros.<\/p>\n<p>La comunidad local est\u00e1 alerta y pide m\u00e1s informaci\u00f3n sobre esta serie de incidentes sospechosos que ocurren en el \u00e1rea.<\/p>\n","protected":false},"excerpt":{"rendered":"<p>En la regi\u00f3n de Los R\u00edos, en la comuna de Los Lagos, bomberos voluntarios investigan un posible origen intencional tras cuatro emergencias a su cargo durante la noche del viernes y madrugada del s\u00e1bado<\/p>\n","protected":false},"author":2,"featured_media":12126,"comment_status":"closed","ping_status":"open","sticky":false,"template":"","format":"standard","meta":{"_jetpack_memberships_contains_paid_content":false,"jnews-multi-image_gallery":[],"jnews_single_post":[],"jnews_primary_category":[],"jnews_social_meta":[],"jnews_paywall_metabox":[],"jnews_review":[],"enable_review":"","type":"","name":"","summary":"","brand":"","sku":"","good":[],"bad":[],"score_override":"","override_value":"","rating":[],"price":[],"jnews_override_counter":[],"jnews_post_split":[],"footnotes":""},"categories":[21],"tags":[],"class_list":["post-12127","post","type-post","status-publish","format-standard","has-post-thumbnail","hentry","category-nacional"],"jetpack_featured_media_url":"https:\/\/laserenaradio.cl\/web\/wp-content\/uploads\/2025\/02\/homepiaiextractoscrapimg_webpBomberosInvestigan_0.webp","jetpack_sharing_enabled":true,"_links":{"self":[{"href":"https:\/\/laserenaradio.cl\/web\/wp-json\/wp\/v2\/posts\/12127","targetHints":{"allow":["GET"]}}],"collection":[{"href":"https:\/\/laserenaradio.cl\/web\/wp-json\/wp\/v2\/posts"}],"about":[{"href":"https:\/\/laserenaradio.cl\/web\/wp-json\/wp\/v2\/types\/post"}],"author":[{"embeddable":true,"href":"https:\/\/laserenaradio.cl\/web\/wp-json\/wp\/v2\/users\/2"}],"replies":[{"embeddable":true,"href":"https:\/\/laserenaradio.cl\/web\/wp-json\/wp\/v2\/comments?post=12127"}],"version-history":[{"count":1,"href":"https:\/\/laserenaradio.cl\/web\/wp-json\/wp\/v2\/posts\/12127\/revisions"}],"predecessor-version":[{"id":12128,"href":"https:\/\/laserenaradio.cl\/web\/wp-json\/wp\/v2\/posts\/12127\/revisions\/12128"}],"wp:featuredmedia":[{"embeddable":true,"href":"https:\/\/laserenaradio.cl\/web\/wp-json\/wp\/v2\/media\/12126"}],"wp:attachment":[{"href":"https:\/\/laserenaradio.cl\/web\/wp-json\/wp\/v2\/media?parent=12127"}],"wp:term":[{"taxonomy":"category","embeddable":true,"href":"https:\/\/laserenaradio.cl\/web\/wp-json\/wp\/v2\/categories?post=12127"},{"taxonomy":"post_tag","embeddable":true,"href":"https:\/\/laserenaradio.cl\/web\/wp-json\/wp\/v2\/tags?post=12127"}],"curies":[{"name":"wp","href":"https:\/\/api.w.org\/{rel}","templated":true}]}}