{"id":12124,"date":"2025-02-23T15:23:01","date_gmt":"2025-02-23T18:23:01","guid":{"rendered":"https:\/\/laserenaradio.cl\/web\/?p=12124"},"modified":"2025-02-23T15:23:01","modified_gmt":"2025-02-23T18:23:01","slug":"el-futuro-incierto-del-iconico-restaurante-la-piojera-en-santiago","status":"publish","type":"post","link":"https:\/\/laserenaradio.cl\/web\/2025\/02\/23\/el-futuro-incierto-del-iconico-restaurante-la-piojera-en-santiago\/","title":{"rendered":"El futuro incierto del ic\u00f3nico restaurante La Piojera en Santiago"},"content":{"rendered":"<p><b>Hace pocos d\u00edas, La Piojera, el tradicional restaurante santiaguino fundado en 1886, anunci\u00f3 que eval\u00faa mudarse de su hist\u00f3rico domicilio en calle Aillavill\u00fa 1030, cercano a la estaci\u00f3n Cal y Canto<\/b><!--more-->.<\/p>\n<p>Esta decisi\u00f3n ha generado un debate sobre el posible cambio del ic\u00f3nico local, cuya famosa picada es una tradici\u00f3n en Santiago.<\/p>\n<p>El alcalde Mario Desbordes (RN) expres\u00f3 su preocupaci\u00f3n por que el recinto no se traslade al sector oriente de la ciudad.<\/p>\n<p>Sin embargo, pocos detalles se conocen sobre los actuales due\u00f1os del local, aunque son descendientes del comerciante sure\u00f1o Carlos Benedetti Pini, hijo de inmigrantes italianos y propietario original en 1916.<\/p>\n<p>Hoy, Mauricio Gajardo, representante legal del restaurante, explica que &#8220;La Piojera&#8221; sigue siendo propiedad del clan Benedetti, y \u00e9l ayuda a administrar el negocio. Gajardo atribuye la posible mudanza a factores como el aumento de la delincuencia en su actual ubicaci\u00f3n y una reducci\u00f3n de un 60% en las ventas.<\/p>\n<p>&#8220;Las ventas han disminuido significativamente debido al barrio que se ha vuelto muy peligroso&#8221;, explica Gajardo. &#8220;En otro lugar tendr\u00edamos m\u00e1s p\u00fablico&#8221;.<\/p>\n<p>Estos desaf\u00edos financieros y de seguridad parecen ser los principales motivadores para la posible mudanza del restaurante, un \u00edcono gastron\u00f3mico y cultural de Santiago.<\/p>\n","protected":false},"excerpt":{"rendered":"<p>Hace pocos d\u00edas, La Piojera, el tradicional restaurante santiaguino fundado en 1886, anunci\u00f3 que eval\u00faa mudarse de su hist\u00f3rico domicilio en calle Aillavill\u00fa 1030, cercano a la estaci\u00f3n Cal y Canto<\/p>\n","protected":false},"author":2,"featured_media":12123,"comment_status":"closed","ping_status":"open","sticky":false,"template":"","format":"standard","meta":{"_jetpack_memberships_contains_paid_content":false,"jnews-multi-image_gallery":[],"jnews_single_post":[],"jnews_primary_category":[],"jnews_social_meta":[],"jnews_paywall_metabox":[],"jnews_review":[],"enable_review":"","type":"","name":"","summary":"","brand":"","sku":"","good":[],"bad":[],"score_override":"","override_value":"","rating":[],"price":[],"jnews_override_counter":[],"jnews_post_split":[],"footnotes":""},"categories":[21],"tags":[],"class_list":["post-12124","post","type-post","status-publish","format-standard","has-post-thumbnail","hentry","category-nacional"],"jetpack_featured_media_url":"https:\/\/laserenaradio.cl\/web\/wp-content\/uploads\/2025\/02\/homepiaiextractoscrapimg_webpTramaPiojera_0.webp","jetpack_sharing_enabled":true,"_links":{"self":[{"href":"https:\/\/laserenaradio.cl\/web\/wp-json\/wp\/v2\/posts\/12124","targetHints":{"allow":["GET"]}}],"collection":[{"href":"https:\/\/laserenaradio.cl\/web\/wp-json\/wp\/v2\/posts"}],"about":[{"href":"https:\/\/laserenaradio.cl\/web\/wp-json\/wp\/v2\/types\/post"}],"author":[{"embeddable":true,"href":"https:\/\/laserenaradio.cl\/web\/wp-json\/wp\/v2\/users\/2"}],"replies":[{"embeddable":true,"href":"https:\/\/laserenaradio.cl\/web\/wp-json\/wp\/v2\/comments?post=12124"}],"version-history":[{"count":1,"href":"https:\/\/laserenaradio.cl\/web\/wp-json\/wp\/v2\/posts\/12124\/revisions"}],"predecessor-version":[{"id":12125,"href":"https:\/\/laserenaradio.cl\/web\/wp-json\/wp\/v2\/posts\/12124\/revisions\/12125"}],"wp:featuredmedia":[{"embeddable":true,"href":"https:\/\/laserenaradio.cl\/web\/wp-json\/wp\/v2\/media\/12123"}],"wp:attachment":[{"href":"https:\/\/laserenaradio.cl\/web\/wp-json\/wp\/v2\/media?parent=12124"}],"wp:term":[{"taxonomy":"category","embeddable":true,"href":"https:\/\/laserenaradio.cl\/web\/wp-json\/wp\/v2\/categories?post=12124"},{"taxonomy":"post_tag","embeddable":true,"href":"https:\/\/laserenaradio.cl\/web\/wp-json\/wp\/v2\/tags?post=12124"}],"curies":[{"name":"wp","href":"https:\/\/api.w.org\/{rel}","templated":true}]}}