{"id":12121,"date":"2025-02-23T15:12:33","date_gmt":"2025-02-23T18:12:33","guid":{"rendered":"https:\/\/laserenaradio.cl\/web\/?p=12121"},"modified":"2025-02-23T15:12:33","modified_gmt":"2025-02-23T18:12:33","slug":"fiscalia-atribuye-incendio-en-galeria-comercial-de-ancud-a-recalentamiento-electrico","status":"publish","type":"post","link":"https:\/\/laserenaradio.cl\/web\/2025\/02\/23\/fiscalia-atribuye-incendio-en-galeria-comercial-de-ancud-a-recalentamiento-electrico\/","title":{"rendered":"Fiscal\u00eda atribuye incendio en galer\u00eda comercial de Ancud a recalentamiento el\u00e9ctrico"},"content":{"rendered":"<p><b>La <a href=\"https:\/\/www.fiscaliadechile.cl\/\">Fiscal\u00eda<\/a> revel\u00f3 que el incendio en la galer\u00eda comercial de Ancud fue causado por un recalentamiento el\u00e9ctrico<\/b><!--more-->.<\/p>\n<p>Este siniestro da\u00f1\u00f3 60 locales y afect\u00f3 a aproximadamente 300 personas.<\/p>\n<p>El fiscal Fernando Metzner indic\u00f3: &#8220;El trabajo inicial en terreno permite establecer que el origen del incendio es la sobrecalentamiento de un aparato el\u00e9ctrico&#8221;. La Polic\u00eda de Investigaciones (<a href=\"https:\/\/www.pdichile.cl\/\">PDI<\/a>) identific\u00f3 espec\u00edficamente el foco donde comenz\u00f3 el fuego.<\/p>\n<p>Por otra parte, la Direcci\u00f3n de Medio Ambiente, Aseo y Ornato municipal inform\u00f3 que durante el pasado s\u00e1bado se retiraron catorce camionadas de escombros. Para este fin de semana, se espera eliminar una treintena de camionadas adicionales.<\/p>\n","protected":false},"excerpt":{"rendered":"<p>La Fiscal\u00eda revel\u00f3 que el incendio en la galer\u00eda comercial de Ancud fue causado por un recalentamiento el\u00e9ctrico<\/p>\n","protected":false},"author":2,"featured_media":12120,"comment_status":"closed","ping_status":"open","sticky":false,"template":"","format":"standard","meta":{"_jetpack_memberships_contains_paid_content":false,"jnews-multi-image_gallery":[],"jnews_single_post":[],"jnews_primary_category":[],"jnews_social_meta":[],"jnews_paywall_metabox":[],"jnews_review":[],"enable_review":"","type":"","name":"","summary":"","brand":"","sku":"","good":[],"bad":[],"score_override":"","override_value":"","rating":[],"price":[],"jnews_override_counter":[],"jnews_post_split":[],"footnotes":""},"categories":[21],"tags":[],"class_list":["post-12121","post","type-post","status-publish","format-standard","has-post-thumbnail","hentry","category-nacional"],"jetpack_featured_media_url":"https:\/\/laserenaradio.cl\/web\/wp-content\/uploads\/2025\/02\/homepiaiextractoscrapimg_webpincendiocomercialrecalentamientocamionadas_1.webp","jetpack_sharing_enabled":true,"_links":{"self":[{"href":"https:\/\/laserenaradio.cl\/web\/wp-json\/wp\/v2\/posts\/12121","targetHints":{"allow":["GET"]}}],"collection":[{"href":"https:\/\/laserenaradio.cl\/web\/wp-json\/wp\/v2\/posts"}],"about":[{"href":"https:\/\/laserenaradio.cl\/web\/wp-json\/wp\/v2\/types\/post"}],"author":[{"embeddable":true,"href":"https:\/\/laserenaradio.cl\/web\/wp-json\/wp\/v2\/users\/2"}],"replies":[{"embeddable":true,"href":"https:\/\/laserenaradio.cl\/web\/wp-json\/wp\/v2\/comments?post=12121"}],"version-history":[{"count":1,"href":"https:\/\/laserenaradio.cl\/web\/wp-json\/wp\/v2\/posts\/12121\/revisions"}],"predecessor-version":[{"id":12122,"href":"https:\/\/laserenaradio.cl\/web\/wp-json\/wp\/v2\/posts\/12121\/revisions\/12122"}],"wp:featuredmedia":[{"embeddable":true,"href":"https:\/\/laserenaradio.cl\/web\/wp-json\/wp\/v2\/media\/12120"}],"wp:attachment":[{"href":"https:\/\/laserenaradio.cl\/web\/wp-json\/wp\/v2\/media?parent=12121"}],"wp:term":[{"taxonomy":"category","embeddable":true,"href":"https:\/\/laserenaradio.cl\/web\/wp-json\/wp\/v2\/categories?post=12121"},{"taxonomy":"post_tag","embeddable":true,"href":"https:\/\/laserenaradio.cl\/web\/wp-json\/wp\/v2\/tags?post=12121"}],"curies":[{"name":"wp","href":"https:\/\/api.w.org\/{rel}","templated":true}]}}