{"id":12116,"date":"2025-02-23T12:07:29","date_gmt":"2025-02-23T15:07:29","guid":{"rendered":"https:\/\/laserenaradio.cl\/web\/?p=12116"},"modified":"2025-02-23T12:07:29","modified_gmt":"2025-02-23T15:07:29","slug":"aumento-del-252-en-homicidios-en-valparaiso-pone-bajo-observacion-medidas-de-seguridad-del-gobierno","status":"publish","type":"post","link":"https:\/\/laserenaradio.cl\/web\/2025\/02\/23\/aumento-del-252-en-homicidios-en-valparaiso-pone-bajo-observacion-medidas-de-seguridad-del-gobierno\/","title":{"rendered":"Aumento del 25,2% en Homicidios en Valpara\u00edso pone bajo observaci\u00f3n Medidas de Seguridad del Gobierno"},"content":{"rendered":"<p><b>En la regi\u00f3n de Valpara\u00edso, seg\u00fan el \u00faltimo bolet\u00edn estad\u00edstico anual de la <a href=\"https:\/\/www.fiscaliadechile.cl\/\">Fiscal\u00eda<\/a>, se observ\u00f3 un significativo aumento del 25,2% en causas por homicidios durante el a\u00f1o pasado<\/b><!--more-->.<\/p>\n<p>En este informe, se detallan 222 casos con imputados identificados y 116 sin conocer su identidad.<\/p>\n<p>El diputado independiente apoyado por Ev\u00f3poli, Hotuiti Teao, expres\u00f3 preocupaci\u00f3n sobre esta situaci\u00f3n, se\u00f1alando que no puede considerarse normalizada.<\/p>\n<p>&#8220;Es necesario implementar medidas urgentes para garantizar la seguridad de los ciudadanos, ya que el Gobierno ha estado en un ciclo de ensayos y errores sin resultados concretos&#8221;, subray\u00f3.<\/p>\n<p>Teao tambi\u00e9n mencion\u00f3 que Valpara\u00edso cuenta con solo 3.000 efectivos de <a href=\"https:\/\/www.carabineros.cl\/\">Carabineros<\/a>, cifra considerada insuficiente para la segunda regi\u00f3n m\u00e1s poblada del pa\u00eds.<\/p>\n<p>Adem\u00e1s, aleg\u00f3 que el Presidente Gabriel Boric no ha recibido formalmente una solicitud para establecer una c\u00e1rcel en Valpara\u00edso debido al problema de sobrepoblaci\u00f3n penal.<\/p>\n<p>Para tratar esta emergencia, Teao present\u00f3 una solicitud para una sesi\u00f3n especial con la ministra del Interior, Carolina Toh\u00e1, pidiendo que explique las medidas de seguridad a implementar.<\/p>\n<p>Por su parte, el diputado del Partido Socialista, Tom\u00e1s de Rementer\u00eda, indic\u00f3 que durante el Gobierno anterior se instal\u00f3 una c\u00e9lula del Tren de Aragua y experiment\u00f3 un aumento explosivo en la migraci\u00f3n irregular.<\/p>\n<p>&#8220;Es imperativo que haya acciones concretas para revertir esta situaci\u00f3n&#8221;, concluy\u00f3 De Rementer\u00eda.<\/p>\n<p>Los datos oficiales se\u00f1alan que en 2023, Valpara\u00edso contabiliz\u00f3 338 casos de homicidios consumados y frustrados, mientras que en el mismo per\u00edodo del a\u00f1o anterior se registraron 270 causas similares.<\/p>\n","protected":false},"excerpt":{"rendered":"<p>En la regi\u00f3n de Valpara\u00edso, seg\u00fan el \u00faltimo bolet\u00edn estad\u00edstico anual de la Fiscal\u00eda, se observ\u00f3 un significativo aumento del 25,2% en causas por homicidios durante el a\u00f1o pasado<\/p>\n","protected":false},"author":2,"featured_media":12115,"comment_status":"closed","ping_status":"open","sticky":false,"template":"","format":"standard","meta":{"_jetpack_memberships_contains_paid_content":false,"jnews-multi-image_gallery":[],"jnews_single_post":[],"jnews_primary_category":[],"jnews_social_meta":[],"jnews_paywall_metabox":[],"jnews_review":[],"enable_review":"","type":"","name":"","summary":"","brand":"","sku":"","good":[],"bad":[],"score_override":"","override_value":"","rating":[],"price":[],"jnews_override_counter":[],"jnews_post_split":[],"footnotes":""},"categories":[21],"tags":[],"class_list":["post-12116","post","type-post","status-publish","format-standard","has-post-thumbnail","hentry","category-nacional"],"jetpack_featured_media_url":"https:\/\/laserenaradio.cl\/web\/wp-content\/uploads\/2025\/02\/homepiaiextractoscrapimg_webpAumentoHomicidios_1.webp","jetpack_sharing_enabled":true,"_links":{"self":[{"href":"https:\/\/laserenaradio.cl\/web\/wp-json\/wp\/v2\/posts\/12116","targetHints":{"allow":["GET"]}}],"collection":[{"href":"https:\/\/laserenaradio.cl\/web\/wp-json\/wp\/v2\/posts"}],"about":[{"href":"https:\/\/laserenaradio.cl\/web\/wp-json\/wp\/v2\/types\/post"}],"author":[{"embeddable":true,"href":"https:\/\/laserenaradio.cl\/web\/wp-json\/wp\/v2\/users\/2"}],"replies":[{"embeddable":true,"href":"https:\/\/laserenaradio.cl\/web\/wp-json\/wp\/v2\/comments?post=12116"}],"version-history":[{"count":1,"href":"https:\/\/laserenaradio.cl\/web\/wp-json\/wp\/v2\/posts\/12116\/revisions"}],"predecessor-version":[{"id":12117,"href":"https:\/\/laserenaradio.cl\/web\/wp-json\/wp\/v2\/posts\/12116\/revisions\/12117"}],"wp:featuredmedia":[{"embeddable":true,"href":"https:\/\/laserenaradio.cl\/web\/wp-json\/wp\/v2\/media\/12115"}],"wp:attachment":[{"href":"https:\/\/laserenaradio.cl\/web\/wp-json\/wp\/v2\/media?parent=12116"}],"wp:term":[{"taxonomy":"category","embeddable":true,"href":"https:\/\/laserenaradio.cl\/web\/wp-json\/wp\/v2\/categories?post=12116"},{"taxonomy":"post_tag","embeddable":true,"href":"https:\/\/laserenaradio.cl\/web\/wp-json\/wp\/v2\/tags?post=12116"}],"curies":[{"name":"wp","href":"https:\/\/api.w.org\/{rel}","templated":true}]}}