{"id":12113,"date":"2025-02-23T11:43:24","date_gmt":"2025-02-23T14:43:24","guid":{"rendered":"https:\/\/laserenaradio.cl\/web\/?p=12113"},"modified":"2025-02-23T11:43:24","modified_gmt":"2025-02-23T14:43:24","slug":"turbulento-viaje-de-ministro-juan-carlos-munoz-a-chiloe-vuelo-latam-069-fue-desviado-a-santiago","status":"publish","type":"post","link":"https:\/\/laserenaradio.cl\/web\/2025\/02\/23\/turbulento-viaje-de-ministro-juan-carlos-munoz-a-chiloe-vuelo-latam-069-fue-desviado-a-santiago\/","title":{"rendered":"Turbulento viaje de ministro Juan Carlos Mu\u00f1oz a Chilo\u00e9: Vuelo Latam 069 fue desviado a Santiago"},"content":{"rendered":"<p><b>En la ma\u00f1ana de este domingo, se inform\u00f3 que el vuelo Latam 069, transportando al ministro de Transportes Juan Carlos Mu\u00f1oz a Chilo\u00e9, no pudo aterrizar y fue desviado de regreso a Santiago<\/b><!--more-->.<\/p>\n<p>El secretario de Estado viajaba al archipi\u00e9lago para coordinar las acciones tras el incendio que consumi\u00f3 m\u00e1s de 60 locales en Ancud, dejando 300 damnificados. Sin embargo, la visita no se pudo concretar debido a problemas que impidieron el aterrizaje del avi\u00f3n.<\/p>\n<p>Las causas exactas del desv\u00edo a\u00fan son desconocidas, pero esperan su llegada a Santiago para ver si el viaje podr\u00e1 retomarse m\u00e1s tarde.<\/p>\n<p>Mu\u00f1oz ten\u00eda programadas importantes reuniones con autoridades locales sobre el proceso y trabajo que se desarrollar\u00e1 despu\u00e9s de las p\u00e9rdidas ocasionadas por el incendio, que afect\u00f3 al centro de la comuna chilota.<\/p>\n","protected":false},"excerpt":{"rendered":"<p>En la ma\u00f1ana de este domingo, se inform\u00f3 que el vuelo Latam 069, transportando al ministro de Transportes Juan Carlos Mu\u00f1oz a Chilo\u00e9, no pudo aterrizar y fue desviado de regreso a Santiago<\/p>\n","protected":false},"author":2,"featured_media":12112,"comment_status":"closed","ping_status":"open","sticky":false,"template":"","format":"standard","meta":{"_jetpack_memberships_contains_paid_content":false,"jnews-multi-image_gallery":[],"jnews_single_post":[],"jnews_primary_category":[],"jnews_social_meta":[],"jnews_paywall_metabox":[],"jnews_review":[],"enable_review":"","type":"","name":"","summary":"","brand":"","sku":"","good":[],"bad":[],"score_override":"","override_value":"","rating":[],"price":[],"jnews_override_counter":[],"jnews_post_split":[],"footnotes":""},"categories":[21],"tags":[],"class_list":["post-12113","post","type-post","status-publish","format-standard","has-post-thumbnail","hentry","category-nacional"],"jetpack_featured_media_url":"https:\/\/laserenaradio.cl\/web\/wp-content\/uploads\/2025\/02\/homepiaiextractoscrapimg_webpTurbulentoViaje_1.webp","jetpack_sharing_enabled":true,"_links":{"self":[{"href":"https:\/\/laserenaradio.cl\/web\/wp-json\/wp\/v2\/posts\/12113","targetHints":{"allow":["GET"]}}],"collection":[{"href":"https:\/\/laserenaradio.cl\/web\/wp-json\/wp\/v2\/posts"}],"about":[{"href":"https:\/\/laserenaradio.cl\/web\/wp-json\/wp\/v2\/types\/post"}],"author":[{"embeddable":true,"href":"https:\/\/laserenaradio.cl\/web\/wp-json\/wp\/v2\/users\/2"}],"replies":[{"embeddable":true,"href":"https:\/\/laserenaradio.cl\/web\/wp-json\/wp\/v2\/comments?post=12113"}],"version-history":[{"count":1,"href":"https:\/\/laserenaradio.cl\/web\/wp-json\/wp\/v2\/posts\/12113\/revisions"}],"predecessor-version":[{"id":12114,"href":"https:\/\/laserenaradio.cl\/web\/wp-json\/wp\/v2\/posts\/12113\/revisions\/12114"}],"wp:featuredmedia":[{"embeddable":true,"href":"https:\/\/laserenaradio.cl\/web\/wp-json\/wp\/v2\/media\/12112"}],"wp:attachment":[{"href":"https:\/\/laserenaradio.cl\/web\/wp-json\/wp\/v2\/media?parent=12113"}],"wp:term":[{"taxonomy":"category","embeddable":true,"href":"https:\/\/laserenaradio.cl\/web\/wp-json\/wp\/v2\/categories?post=12113"},{"taxonomy":"post_tag","embeddable":true,"href":"https:\/\/laserenaradio.cl\/web\/wp-json\/wp\/v2\/tags?post=12113"}],"curies":[{"name":"wp","href":"https:\/\/api.w.org\/{rel}","templated":true}]}}