{"id":12110,"date":"2025-02-23T11:41:03","date_gmt":"2025-02-23T14:41:03","guid":{"rendered":"https:\/\/laserenaradio.cl\/web\/?p=12110"},"modified":"2025-02-23T11:41:03","modified_gmt":"2025-02-23T14:41:03","slug":"helicoptero-super-puma-chileno-suma-fuerzas-al-combate-del-incendio-en-el-valle-magdalena-argentina","status":"publish","type":"post","link":"https:\/\/laserenaradio.cl\/web\/2025\/02\/23\/helicoptero-super-puma-chileno-suma-fuerzas-al-combate-del-incendio-en-el-valle-magdalena-argentina\/","title":{"rendered":"Helic\u00f3ptero Super Puma Chileno Suma Fuerzas al Combate del Incendio en el Valle Magdalena, Argentina"},"content":{"rendered":"<p><b>Un helic\u00f3ptero &#8220;Super Puma&#8221;, con capacidad para lanzar hasta 3.500 litros de agua, fue gestionado por el Gobierno chileno en apoyo a las operaciones contra un incendio forestal que ha afectado m\u00e1s de 23.131 hect\u00e1reas del valle Magdalena en la provincia de Neuqu\u00e9n, Argentina.<\/b><!--more-->.<\/p>\n<p>La directora de la Corporaci\u00f3n Nacional Forestal (Conaf) en La Araucan\u00eda, Mar\u00eda Teresa Huentequeo, inform\u00f3 que el helic\u00f3ptero se traslad\u00f3 a territorio argentino para combinar esfuerzos con otras aeronaves y recursos terrestres ya en operaciones.<\/p>\n<p>En tanto, el Comando Unificado entre personal del Parque Nacional Lan\u00edn y el Gobierno de la Provincia de Neuqu\u00e9n, que opera en la Estancia Mamuil Malal, indic\u00f3 que el incendio se mantiene activo y ha afectado un total de 23.131 hect\u00e1reas.<\/p>\n<p>Este puesto de mando, ubicado a lo largo de la ruta 60, que conecta Argentina con Chile a trav\u00e9s del paso fronterizo Tromen o Mamuilmalal en Curarrehue, permanece cerrado por la alta concentraci\u00f3n de humo que se ha extendido hasta la comuna de Puc\u00f3n.<\/p>\n<p>Al combate se suman m\u00e1s de 400 recursos terrestres y 17 medios a\u00e9reos, incluyendo 12 helic\u00f3pteros y 3 aviones AT hidrantes, adem\u00e1s de un Boeing 73 con 15 mil litros de agua y un Airbus Helicopter que lanza 3.500 litros de agua por vuelo.<\/p>\n","protected":false},"excerpt":{"rendered":"<p>Un helic\u00f3ptero &#8220;Super Puma&#8221;, con capacidad para lanzar hasta 3.500 litros de agua, fue gestionado por el Gobierno chileno en apoyo a las operaciones contra un incendio forestal que ha afectado m\u00e1s de 23.131 hect\u00e1reas del valle Magdalena en la provincia de Neuqu\u00e9n, Argentina.<\/p>\n","protected":false},"author":2,"featured_media":12109,"comment_status":"closed","ping_status":"open","sticky":false,"template":"","format":"standard","meta":{"_jetpack_memberships_contains_paid_content":false,"jnews-multi-image_gallery":[],"jnews_single_post":[],"jnews_primary_category":[],"jnews_social_meta":[],"jnews_paywall_metabox":[],"jnews_review":[],"enable_review":"","type":"","name":"","summary":"","brand":"","sku":"","good":[],"bad":[],"score_override":"","override_value":"","rating":[],"price":[],"jnews_override_counter":[],"jnews_post_split":[],"footnotes":""},"categories":[21],"tags":[],"class_list":["post-12110","post","type-post","status-publish","format-standard","has-post-thumbnail","hentry","category-nacional"],"jetpack_featured_media_url":"https:\/\/laserenaradio.cl\/web\/wp-content\/uploads\/2025\/02\/homepiaiextractoscrapimg_predeterminadalaserenaradio_nacional-2.webp","jetpack_sharing_enabled":true,"_links":{"self":[{"href":"https:\/\/laserenaradio.cl\/web\/wp-json\/wp\/v2\/posts\/12110","targetHints":{"allow":["GET"]}}],"collection":[{"href":"https:\/\/laserenaradio.cl\/web\/wp-json\/wp\/v2\/posts"}],"about":[{"href":"https:\/\/laserenaradio.cl\/web\/wp-json\/wp\/v2\/types\/post"}],"author":[{"embeddable":true,"href":"https:\/\/laserenaradio.cl\/web\/wp-json\/wp\/v2\/users\/2"}],"replies":[{"embeddable":true,"href":"https:\/\/laserenaradio.cl\/web\/wp-json\/wp\/v2\/comments?post=12110"}],"version-history":[{"count":1,"href":"https:\/\/laserenaradio.cl\/web\/wp-json\/wp\/v2\/posts\/12110\/revisions"}],"predecessor-version":[{"id":12111,"href":"https:\/\/laserenaradio.cl\/web\/wp-json\/wp\/v2\/posts\/12110\/revisions\/12111"}],"wp:featuredmedia":[{"embeddable":true,"href":"https:\/\/laserenaradio.cl\/web\/wp-json\/wp\/v2\/media\/12109"}],"wp:attachment":[{"href":"https:\/\/laserenaradio.cl\/web\/wp-json\/wp\/v2\/media?parent=12110"}],"wp:term":[{"taxonomy":"category","embeddable":true,"href":"https:\/\/laserenaradio.cl\/web\/wp-json\/wp\/v2\/categories?post=12110"},{"taxonomy":"post_tag","embeddable":true,"href":"https:\/\/laserenaradio.cl\/web\/wp-json\/wp\/v2\/tags?post=12110"}],"curies":[{"name":"wp","href":"https:\/\/api.w.org\/{rel}","templated":true}]}}