{"id":12107,"date":"2025-02-23T11:37:22","date_gmt":"2025-02-23T14:37:22","guid":{"rendered":"https:\/\/laserenaradio.cl\/web\/?p=12107"},"modified":"2025-02-23T12:12:49","modified_gmt":"2025-02-23T15:12:49","slug":"titulo-alexis-sanchez-divide-opiniones-pero-muestra-validez-en-udinese-un-aporte-mas-alla-del-area-rival","status":"publish","type":"post","link":"https:\/\/laserenaradio.cl\/web\/2025\/02\/23\/titulo-alexis-sanchez-divide-opiniones-pero-muestra-validez-en-udinese-un-aporte-mas-alla-del-area-rival\/","title":{"rendered":"Alexis S\u00e1nchez Divide Opiniones pero Muestra Validez en Udinese: Un Aporte m\u00e1s all\u00e1 del Area Rival"},"content":{"rendered":"<p><b>Alexis S\u00e1nchez ha sido el centro de atenci\u00f3n durante sus primeros partidos con el Udinese tras retornar al equipo italiano<\/b><!--more-->.<\/p>\n<p>Su actuaci\u00f3n en un reciente enfrentamiento contra el Lecce gener\u00f3 amplia reacci\u00f3n, tanto positiva como negativa. En su \u00faltimo partido, S\u00e1nchez demostr\u00f3 una habilidad excepcional para moverse entre l\u00edneas, dialogando constantemente con sus compa\u00f1eros y buscando mejorar la din\u00e1mica del equipo.<\/p>\n<p>A pesar de que no fue el m\u00e1ximo protagonista aline\u00e1ndose en ataque, logr\u00f3 ser crucial como mediocampista central, proporcionando conexi\u00f3n vital a su equipo. Calcio Udinese destac\u00f3 especialmente esta faceta del jugador, resaltando que &#8220;el Ni\u00f1o Maravilla se aleja del \u00e1rea rival para ayudar en la fase de preparaci\u00f3n. Aunque no dispara, su trabajo es muy importante&#8221;.<\/p>\n<p>En efecto, recibi\u00f3 una calificaci\u00f3n de 6.0 por su desempe\u00f1o.<\/p>\n<p>Sin embargo, Tutto Udinese tambi\u00e9n mencion\u00f3 cr\u00edticas, se\u00f1alando que &#8220;el goleador hist\u00f3rico de La Roja se mueve entre l\u00edneas y dialoga con sus compa\u00f1eros tratando de ponerlos en las mejores condiciones posibles. Aunque no era muy peligroso, su trabajo de conexi\u00f3n fue destacado&#8221;.<\/p>\n<p>Ante estas opiniones, S\u00e1nchez ha optado por mantenerse centrado en su labor diaria. En sus redes sociales comparti\u00f3 im\u00e1genes del partido, junto a un mensaje tranquilizador: &#8220;C\u00e1lmate. Est\u00e1 bien, no hay nada de qu\u00e9 preocuparse. Lo haces todo por el equipo y especialmente por el club Udinese. Estoy aqu\u00ed para echar una mano a todos mis compa\u00f1eros&#8221;. El mensaje concluy\u00f3 con emojis que reflejaban su estado de \u00e1nimo: \u26bd\ufe0f\ud83e\udd0d.<\/p>\n<p>A pesar de las cr\u00edticas, Alexis S\u00e1nchez demuestra estar enfocado en mantenerse en forma y ser un activo tanto para el Udinese como para la Selecci\u00f3n Chilena.<\/p>\n<p>Su objetivo es alcanzar su mejor nivel f\u00edsico para los desaf\u00edos que se avecinan, especialmente en marzo cuando regresar\u00e1 a la selecci\u00f3n nacional.<\/p>\n","protected":false},"excerpt":{"rendered":"<p>Alexis S\u00e1nchez ha sido el centro de atenci\u00f3n durante sus primeros partidos con el Udinese tras retornar al equipo italiano<\/p>\n","protected":false},"author":2,"featured_media":12106,"comment_status":"closed","ping_status":"open","sticky":false,"template":"","format":"standard","meta":{"_jetpack_memberships_contains_paid_content":false,"jnews-multi-image_gallery":[],"jnews_single_post":[],"jnews_primary_category":[],"jnews_social_meta":[],"jnews_paywall_metabox":[],"jnews_review":[],"enable_review":"","type":"","name":"","summary":"","brand":"","sku":"","good":[],"bad":[],"score_override":"","override_value":"","rating":[],"price":[],"jnews_override_counter":[],"jnews_post_split":[],"footnotes":""},"categories":[84],"tags":[],"class_list":["post-12107","post","type-post","status-publish","format-standard","has-post-thumbnail","hentry","category-deportes"],"jetpack_featured_media_url":"https:\/\/laserenaradio.cl\/web\/wp-content\/uploads\/2025\/02\/homepiaiextractoscrapimg_webpUdineseequipoAlexisespecialmente_1.webp","jetpack_sharing_enabled":true,"_links":{"self":[{"href":"https:\/\/laserenaradio.cl\/web\/wp-json\/wp\/v2\/posts\/12107","targetHints":{"allow":["GET"]}}],"collection":[{"href":"https:\/\/laserenaradio.cl\/web\/wp-json\/wp\/v2\/posts"}],"about":[{"href":"https:\/\/laserenaradio.cl\/web\/wp-json\/wp\/v2\/types\/post"}],"author":[{"embeddable":true,"href":"https:\/\/laserenaradio.cl\/web\/wp-json\/wp\/v2\/users\/2"}],"replies":[{"embeddable":true,"href":"https:\/\/laserenaradio.cl\/web\/wp-json\/wp\/v2\/comments?post=12107"}],"version-history":[{"count":2,"href":"https:\/\/laserenaradio.cl\/web\/wp-json\/wp\/v2\/posts\/12107\/revisions"}],"predecessor-version":[{"id":12118,"href":"https:\/\/laserenaradio.cl\/web\/wp-json\/wp\/v2\/posts\/12107\/revisions\/12118"}],"wp:featuredmedia":[{"embeddable":true,"href":"https:\/\/laserenaradio.cl\/web\/wp-json\/wp\/v2\/media\/12106"}],"wp:attachment":[{"href":"https:\/\/laserenaradio.cl\/web\/wp-json\/wp\/v2\/media?parent=12107"}],"wp:term":[{"taxonomy":"category","embeddable":true,"href":"https:\/\/laserenaradio.cl\/web\/wp-json\/wp\/v2\/categories?post=12107"},{"taxonomy":"post_tag","embeddable":true,"href":"https:\/\/laserenaradio.cl\/web\/wp-json\/wp\/v2\/tags?post=12107"}],"curies":[{"name":"wp","href":"https:\/\/api.w.org\/{rel}","templated":true}]}}