{"id":12104,"date":"2025-02-23T11:34:16","date_gmt":"2025-02-23T14:34:16","guid":{"rendered":"https:\/\/laserenaradio.cl\/web\/?p=12104"},"modified":"2025-02-23T11:34:16","modified_gmt":"2025-02-23T14:34:16","slug":"tres-carabineros-heridos-tras-explosion-en-subcomisaria-villa-moderna-de-independencia","status":"publish","type":"post","link":"https:\/\/laserenaradio.cl\/web\/2025\/02\/23\/tres-carabineros-heridos-tras-explosion-en-subcomisaria-villa-moderna-de-independencia\/","title":{"rendered":"Tres Carabineros Heridos tras Explosi\u00f3n en Subcomisar\u00eda Villa Moderna de Independencia"},"content":{"rendered":"<p><b>Este domingo se produjo una explosi\u00f3n en la subcomisar\u00eda Villa Moderna, comuna de Independencia<\/b><!--more-->.<\/p>\n<p>Aproximadamente a las 04:40 horas, un fuerte estruendo alert\u00f3 a los vecinos del sector y caus\u00f3 que tres carabineros sufrieran lesiones leves, principalmente por inhalaci\u00f3n de humo. Estos funcionarios fueron r\u00e1pidamente trasladados al hospital de <a href=\"https:\/\/www.carabineros.cl\/\">Carabineros<\/a>.<\/p>\n<p>Personal del Laboratorio de Criminal\u00edstica (Labocar) se encuentra en la subcomisar\u00eda de Villa Moderna realizando trabajos para determinar las causas exactas de la explosi\u00f3n, ya que inicialmente se investigan dos posibilidades: una posible ca\u00edda de gas o un acto intencional.<\/p>\n<p>&#8220;Esa informaci\u00f3n la sabremos cuando tengamos el informe de Labocar, que est\u00e1 desarrollando trabajos a\u00fan en el lugar&#8221;, se\u00f1al\u00f3 el alcalde Agust\u00edn Iglesias. El jefe comunal agreg\u00f3 que &#8220;lo importante es que ahora el lugar est\u00e1 bajo control. Los carabineros lesionados est\u00e1n bien atendidos y no se encuentran en estado grave&#8221;.<\/p>\n<p>Asegur\u00f3 que la subcomisar\u00eda Villa Moderna retomar\u00e1 su normalidad tras el incidente.<\/p>\n","protected":false},"excerpt":{"rendered":"<p>Este domingo se produjo una explosi\u00f3n en la subcomisar\u00eda Villa Moderna, comuna de Independencia<\/p>\n","protected":false},"author":2,"featured_media":12103,"comment_status":"closed","ping_status":"open","sticky":false,"template":"","format":"standard","meta":{"_jetpack_memberships_contains_paid_content":false,"jnews-multi-image_gallery":[],"jnews_single_post":[],"jnews_primary_category":[],"jnews_social_meta":[],"jnews_paywall_metabox":[],"jnews_review":[],"enable_review":"","type":"","name":"","summary":"","brand":"","sku":"","good":[],"bad":[],"score_override":"","override_value":"","rating":[],"price":[],"jnews_override_counter":[],"jnews_post_split":[],"footnotes":""},"categories":[21],"tags":[],"class_list":["post-12104","post","type-post","status-publish","format-standard","has-post-thumbnail","hentry","category-nacional"],"jetpack_featured_media_url":"https:\/\/laserenaradio.cl\/web\/wp-content\/uploads\/2025\/02\/homepiaiextractoscrapimg_predeterminadalaserenaradio_nacional-1.webp","jetpack_sharing_enabled":true,"_links":{"self":[{"href":"https:\/\/laserenaradio.cl\/web\/wp-json\/wp\/v2\/posts\/12104","targetHints":{"allow":["GET"]}}],"collection":[{"href":"https:\/\/laserenaradio.cl\/web\/wp-json\/wp\/v2\/posts"}],"about":[{"href":"https:\/\/laserenaradio.cl\/web\/wp-json\/wp\/v2\/types\/post"}],"author":[{"embeddable":true,"href":"https:\/\/laserenaradio.cl\/web\/wp-json\/wp\/v2\/users\/2"}],"replies":[{"embeddable":true,"href":"https:\/\/laserenaradio.cl\/web\/wp-json\/wp\/v2\/comments?post=12104"}],"version-history":[{"count":1,"href":"https:\/\/laserenaradio.cl\/web\/wp-json\/wp\/v2\/posts\/12104\/revisions"}],"predecessor-version":[{"id":12105,"href":"https:\/\/laserenaradio.cl\/web\/wp-json\/wp\/v2\/posts\/12104\/revisions\/12105"}],"wp:featuredmedia":[{"embeddable":true,"href":"https:\/\/laserenaradio.cl\/web\/wp-json\/wp\/v2\/media\/12103"}],"wp:attachment":[{"href":"https:\/\/laserenaradio.cl\/web\/wp-json\/wp\/v2\/media?parent=12104"}],"wp:term":[{"taxonomy":"category","embeddable":true,"href":"https:\/\/laserenaradio.cl\/web\/wp-json\/wp\/v2\/categories?post=12104"},{"taxonomy":"post_tag","embeddable":true,"href":"https:\/\/laserenaradio.cl\/web\/wp-json\/wp\/v2\/tags?post=12104"}],"curies":[{"name":"wp","href":"https:\/\/api.w.org\/{rel}","templated":true}]}}