{"id":12101,"date":"2025-02-23T00:18:23","date_gmt":"2025-02-23T03:18:23","guid":{"rendered":"https:\/\/laserenaradio.cl\/web\/?p=12101"},"modified":"2025-02-23T12:13:00","modified_gmt":"2025-02-23T15:13:00","slug":"itulo-carabineros-lanza-plan-piloto-taser-en-violencia-intrafamiliar-debate-se-extiende-a-guardias-municipales-y-legislativos","status":"publish","type":"post","link":"https:\/\/laserenaradio.cl\/web\/2025\/02\/23\/itulo-carabineros-lanza-plan-piloto-taser-en-violencia-intrafamiliar-debate-se-extiende-a-guardias-municipales-y-legislativos\/","title":{"rendered":"Carabineros Lanza Plan Piloto Taser en Violencia Intrafamiliar: Debate Se Extiende a Guardias Municipales y Legislativos"},"content":{"rendered":"<p><b>En cinco d\u00edas, <a href=\"https:\/\/www.carabineros.cl\/\">Carabineros<\/a> pondr\u00e1 en marcha un plan piloto para emplear pistolas Taser en casos \u00fanicos de violencia intrafamiliar en la regi\u00f3n Metropolitana<\/b><!--more-->.<\/p>\n<p>Esta medida surge en medio de debates parlamentarios sobre la extensi\u00f3n del uso de estas armas no letales a funcionarios municipales y vigilantes privados.<\/p>\n<p>La reciente Ley de Seguridad Privada, promulgada en 2024, ya permite que los guardias privados utilicen dispositivos el\u00e9ctricos de control, aunque su aplicaci\u00f3n ha estado pendiente hasta la aprobaci\u00f3n del reglamento por parte de la Contralor\u00eda, ingresado en junio.<\/p>\n<p>Cristi\u00e1n Araya, diputado del Partido Republicano, ha exigido que se agilice este proceso y enfatiz\u00f3 la necesidad de permitir el uso de estas armas para guardias municipales. Sin embargo, Andr\u00e9s Jouannet, legislador y presidente de Amarillos por Chile, respalda la medida para <a href=\"https:\/\/www.carabineros.cl\/\">Carabineros<\/a> pero niega su extensi\u00f3n a funcionarios municipales.<\/p>\n<p>Jaime Araya, parlamentario independiente de la bancada del PPD, plantea que el enfoque central debe ser la cooperaci\u00f3n entre municipios y <a href=\"https:\/\/www.carabineros.cl\/\">Carabineros<\/a>, descartando ampliar el uso de estas armas.<\/p>\n<p>El art\u00edculo 27 de la Ley de Seguridad Privada establece que el empleo de estos dispositivos requiere autorizaci\u00f3n por la Subsecretar\u00eda de Prevenci\u00f3n del Delito y un sistema de registro audiovisual. Mientras tanto, el debate sobre la posible ampliaci\u00f3n de su uso contin\u00faa.<\/p>\n","protected":false},"excerpt":{"rendered":"<p>En cinco d\u00edas, Carabineros pondr\u00e1 en marcha un plan piloto para emplear pistolas Taser en casos \u00fanicos de violencia intrafamiliar en la regi\u00f3n Metropolitana<\/p>\n","protected":false},"author":2,"featured_media":12100,"comment_status":"closed","ping_status":"open","sticky":false,"template":"","format":"standard","meta":{"_jetpack_memberships_contains_paid_content":false,"jnews-multi-image_gallery":[],"jnews_single_post":[],"jnews_primary_category":[],"jnews_social_meta":[],"jnews_paywall_metabox":[],"jnews_review":[],"enable_review":"","type":"","name":"","summary":"","brand":"","sku":"","good":[],"bad":[],"score_override":"","override_value":"","rating":[],"price":[],"jnews_override_counter":[],"jnews_post_split":[],"footnotes":""},"categories":[21],"tags":[],"class_list":["post-12101","post","type-post","status-publish","format-standard","has-post-thumbnail","hentry","category-nacional"],"jetpack_featured_media_url":"https:\/\/laserenaradio.cl\/web\/wp-content\/uploads\/2025\/02\/homepiaiextractoscrapimg_webpusocarabinerosCarabinerosestas_1.webp","jetpack_sharing_enabled":true,"_links":{"self":[{"href":"https:\/\/laserenaradio.cl\/web\/wp-json\/wp\/v2\/posts\/12101","targetHints":{"allow":["GET"]}}],"collection":[{"href":"https:\/\/laserenaradio.cl\/web\/wp-json\/wp\/v2\/posts"}],"about":[{"href":"https:\/\/laserenaradio.cl\/web\/wp-json\/wp\/v2\/types\/post"}],"author":[{"embeddable":true,"href":"https:\/\/laserenaradio.cl\/web\/wp-json\/wp\/v2\/users\/2"}],"replies":[{"embeddable":true,"href":"https:\/\/laserenaradio.cl\/web\/wp-json\/wp\/v2\/comments?post=12101"}],"version-history":[{"count":2,"href":"https:\/\/laserenaradio.cl\/web\/wp-json\/wp\/v2\/posts\/12101\/revisions"}],"predecessor-version":[{"id":12119,"href":"https:\/\/laserenaradio.cl\/web\/wp-json\/wp\/v2\/posts\/12101\/revisions\/12119"}],"wp:featuredmedia":[{"embeddable":true,"href":"https:\/\/laserenaradio.cl\/web\/wp-json\/wp\/v2\/media\/12100"}],"wp:attachment":[{"href":"https:\/\/laserenaradio.cl\/web\/wp-json\/wp\/v2\/media?parent=12101"}],"wp:term":[{"taxonomy":"category","embeddable":true,"href":"https:\/\/laserenaradio.cl\/web\/wp-json\/wp\/v2\/categories?post=12101"},{"taxonomy":"post_tag","embeddable":true,"href":"https:\/\/laserenaradio.cl\/web\/wp-json\/wp\/v2\/tags?post=12101"}],"curies":[{"name":"wp","href":"https:\/\/api.w.org\/{rel}","templated":true}]}}