{"id":12098,"date":"2025-02-23T00:14:36","date_gmt":"2025-02-23T03:14:36","guid":{"rendered":"https:\/\/laserenaradio.cl\/web\/?p=12098"},"modified":"2025-02-23T00:14:36","modified_gmt":"2025-02-23T03:14:36","slug":"traslado-a-carcel-de-concepcion-de-imputados-en-homicidio-de-carabineros-de-canete","status":"publish","type":"post","link":"https:\/\/laserenaradio.cl\/web\/2025\/02\/23\/traslado-a-carcel-de-concepcion-de-imputados-en-homicidio-de-carabineros-de-canete\/","title":{"rendered":"Traslado a C\u00e1rcel de Concepci\u00f3n de Imputados en Homicidio de Carabineros de Ca\u00f1ete"},"content":{"rendered":"<p><b>En Concepci\u00f3n se encuentran los imputados por el asesinato de tres carabineros en Ca\u00f1ete, tras el cumplimiento de la resoluci\u00f3n que orden\u00f3 su traslado desde la c\u00e1rcel de Alta Seguridad en Santiago<\/b><!--more-->.<\/p>\n<p>Los hermanos Jefferson y Felipe Antihu\u00e9n, junto con Nicol\u00e1s Rivas Paillao, fueron trasladados al Centro Penitenciario B\u00edo B\u00edo.<\/p>\n<p>Seg\u00fan la <a href=\"https:\/\/www.fiscaliadechile.cl\/\">Fiscal\u00eda<\/a>, el control de una medida cautelar fue emboscada por los imputados. El abogado Marco O\u00f1ate solicit\u00f3 el cambio de c\u00e1rcel para su representado y otros dos comuneros, solicitud que fue acogida por el Juzgado de Garant\u00eda de Ca\u00f1ete. <a href=\"http:\/\/www.gendarmeria.gob.cl\/\">Gendarmer\u00eda<\/a> cumpli\u00f3 sin problemas esta resoluci\u00f3n, ingresando a los detenidos al m\u00f3dulo especial destinado a pueblos originarios.<\/p>\n<p>La decisi\u00f3n del tribunal se bas\u00f3 en argumentos de arraigo familiar y la necesidad de cercan\u00eda con sus abogados, aspectos que el traslado permitir\u00e1 desde este domingo.<\/p>\n<p>Tom\u00e1s Antihu\u00e9n, hermano de Jefferson y Felipe, permanece pr\u00f3fugo de la justicia.<\/p>\n","protected":false},"excerpt":{"rendered":"<p>En Concepci\u00f3n se encuentran los imputados por el asesinato de tres carabineros en Ca\u00f1ete, tras el cumplimiento de la resoluci\u00f3n que orden\u00f3 su traslado desde la c\u00e1rcel de Alta Seguridad en Santiago<\/p>\n","protected":false},"author":2,"featured_media":12097,"comment_status":"closed","ping_status":"open","sticky":false,"template":"","format":"standard","meta":{"_jetpack_memberships_contains_paid_content":false,"jnews-multi-image_gallery":[],"jnews_single_post":[],"jnews_primary_category":[],"jnews_social_meta":[],"jnews_paywall_metabox":[],"jnews_review":[],"enable_review":"","type":"","name":"","summary":"","brand":"","sku":"","good":[],"bad":[],"score_override":"","override_value":"","rating":[],"price":[],"jnews_override_counter":[],"jnews_post_split":[],"footnotes":""},"categories":[21],"tags":[],"class_list":["post-12098","post","type-post","status-publish","format-standard","has-post-thumbnail","hentry","category-nacional"],"jetpack_featured_media_url":"https:\/\/laserenaradio.cl\/web\/wp-content\/uploads\/2025\/02\/homepiaiextractoscrapimg_webpTrasladoCarcel_1.webp","jetpack_sharing_enabled":true,"_links":{"self":[{"href":"https:\/\/laserenaradio.cl\/web\/wp-json\/wp\/v2\/posts\/12098","targetHints":{"allow":["GET"]}}],"collection":[{"href":"https:\/\/laserenaradio.cl\/web\/wp-json\/wp\/v2\/posts"}],"about":[{"href":"https:\/\/laserenaradio.cl\/web\/wp-json\/wp\/v2\/types\/post"}],"author":[{"embeddable":true,"href":"https:\/\/laserenaradio.cl\/web\/wp-json\/wp\/v2\/users\/2"}],"replies":[{"embeddable":true,"href":"https:\/\/laserenaradio.cl\/web\/wp-json\/wp\/v2\/comments?post=12098"}],"version-history":[{"count":1,"href":"https:\/\/laserenaradio.cl\/web\/wp-json\/wp\/v2\/posts\/12098\/revisions"}],"predecessor-version":[{"id":12099,"href":"https:\/\/laserenaradio.cl\/web\/wp-json\/wp\/v2\/posts\/12098\/revisions\/12099"}],"wp:featuredmedia":[{"embeddable":true,"href":"https:\/\/laserenaradio.cl\/web\/wp-json\/wp\/v2\/media\/12097"}],"wp:attachment":[{"href":"https:\/\/laserenaradio.cl\/web\/wp-json\/wp\/v2\/media?parent=12098"}],"wp:term":[{"taxonomy":"category","embeddable":true,"href":"https:\/\/laserenaradio.cl\/web\/wp-json\/wp\/v2\/categories?post=12098"},{"taxonomy":"post_tag","embeddable":true,"href":"https:\/\/laserenaradio.cl\/web\/wp-json\/wp\/v2\/tags?post=12098"}],"curies":[{"name":"wp","href":"https:\/\/api.w.org\/{rel}","templated":true}]}}