{"id":12095,"date":"2025-02-23T00:07:50","date_gmt":"2025-02-23T03:07:50","guid":{"rendered":"https:\/\/laserenaradio.cl\/web\/?p=12095"},"modified":"2025-02-23T00:07:50","modified_gmt":"2025-02-23T03:07:50","slug":"tecnologia-avanzada-detecta-carga-oculta-de-marihuana-en-camioneta-durante-revision-aduanera","status":"publish","type":"post","link":"https:\/\/laserenaradio.cl\/web\/2025\/02\/23\/tecnologia-avanzada-detecta-carga-oculta-de-marihuana-en-camioneta-durante-revision-aduanera\/","title":{"rendered":"Tecnolog\u00eda Avanzada Detecta Carga Oculta de Marihuana en Camioneta Durante Revisi\u00f3n Aduanera"},"content":{"rendered":"<p><b>Se llev\u00f3 a cabo una revisi\u00f3n exhaustiva en un cami\u00f3n de doble cabina en la avanzada de Aduanas de El Loa, tras detectarse anomal\u00edas mediante el uso del cami\u00f3n esc\u00e1ner<\/b><!--more-->.<\/p>\n<p>Este veh\u00edculo, inicialmente presentado como desocupado, ocultaba en su pick-up un doble fondo protegido por planchas met\u00e1licas. El conductor, un ciudadano colombiano de 47 a\u00f1os, afirm\u00f3 haber viajado desde Alto Hospicio hasta la regi\u00f3n Metropolitana. Sin embargo, las pruebas f\u00edsicas y t\u00e9cnicas confirmaron la sospecha: en el veh\u00edculo se encontraron 44 paquetes sellados con marihuana, que pesaban un total de 46.469 gramos.<\/p>\n<p>El director regional de Aduana Iquique, Cristian Molina, resalt\u00f3 la importancia del cami\u00f3n esc\u00e1ner en la detecci\u00f3n de cargas ocultas: &#8220;La tecnolog\u00eda permite identificar intervenciones en carrocer\u00edas y es fundamental para combatir el contrabando&#8221;.<\/p>\n<p>Adem\u00e1s, destac\u00f3 que las im\u00e1genes tambi\u00e9n pueden revelar cigarrillos y otros productos ilegales.<\/p>\n<p>El caso fue entregado a la Polic\u00eda de Investigaciones por instrucciones de la <a href=\"https:\/\/www.fiscaliadechile.cl\/\">Fiscal\u00eda<\/a> Regional de Tarapac\u00e1.<\/p>\n<p>Este hallazgo subraya la eficacia del uso tecnol\u00f3gico en operaciones aduaneras para prevenir el contrabando y asegurar las fronteras..<\/p>\n","protected":false},"excerpt":{"rendered":"<p>Se llev\u00f3 a cabo una revisi\u00f3n exhaustiva en un cami\u00f3n de doble cabina en la avanzada de Aduanas de El Loa, tras detectarse anomal\u00edas mediante el uso del cami\u00f3n esc\u00e1ner<\/p>\n","protected":false},"author":2,"featured_media":12094,"comment_status":"closed","ping_status":"open","sticky":false,"template":"","format":"standard","meta":{"_jetpack_memberships_contains_paid_content":false,"jnews-multi-image_gallery":[],"jnews_single_post":[],"jnews_primary_category":[],"jnews_social_meta":[],"jnews_paywall_metabox":[],"jnews_review":[],"enable_review":"","type":"","name":"","summary":"","brand":"","sku":"","good":[],"bad":[],"score_override":"","override_value":"","rating":[],"price":[],"jnews_override_counter":[],"jnews_post_split":[],"footnotes":""},"categories":[21],"tags":[],"class_list":["post-12095","post","type-post","status-publish","format-standard","has-post-thumbnail","hentry","category-nacional"],"jetpack_featured_media_url":"https:\/\/laserenaradio.cl\/web\/wp-content\/uploads\/2025\/02\/homepiaiextractoscrapimg_predeterminadalaserenaradio_nacional.webp","jetpack_sharing_enabled":true,"_links":{"self":[{"href":"https:\/\/laserenaradio.cl\/web\/wp-json\/wp\/v2\/posts\/12095","targetHints":{"allow":["GET"]}}],"collection":[{"href":"https:\/\/laserenaradio.cl\/web\/wp-json\/wp\/v2\/posts"}],"about":[{"href":"https:\/\/laserenaradio.cl\/web\/wp-json\/wp\/v2\/types\/post"}],"author":[{"embeddable":true,"href":"https:\/\/laserenaradio.cl\/web\/wp-json\/wp\/v2\/users\/2"}],"replies":[{"embeddable":true,"href":"https:\/\/laserenaradio.cl\/web\/wp-json\/wp\/v2\/comments?post=12095"}],"version-history":[{"count":1,"href":"https:\/\/laserenaradio.cl\/web\/wp-json\/wp\/v2\/posts\/12095\/revisions"}],"predecessor-version":[{"id":12096,"href":"https:\/\/laserenaradio.cl\/web\/wp-json\/wp\/v2\/posts\/12095\/revisions\/12096"}],"wp:featuredmedia":[{"embeddable":true,"href":"https:\/\/laserenaradio.cl\/web\/wp-json\/wp\/v2\/media\/12094"}],"wp:attachment":[{"href":"https:\/\/laserenaradio.cl\/web\/wp-json\/wp\/v2\/media?parent=12095"}],"wp:term":[{"taxonomy":"category","embeddable":true,"href":"https:\/\/laserenaradio.cl\/web\/wp-json\/wp\/v2\/categories?post=12095"},{"taxonomy":"post_tag","embeddable":true,"href":"https:\/\/laserenaradio.cl\/web\/wp-json\/wp\/v2\/tags?post=12095"}],"curies":[{"name":"wp","href":"https:\/\/api.w.org\/{rel}","templated":true}]}}