{"id":12089,"date":"2025-02-22T21:05:03","date_gmt":"2025-02-23T00:05:03","guid":{"rendered":"https:\/\/laserenaradio.cl\/web\/?p=12089"},"modified":"2025-02-22T21:05:03","modified_gmt":"2025-02-23T00:05:03","slug":"desbordes-anuncia-demanda-para-paralizar-construccion-de-carcel-en-santiago-criticando-a-exalcaldesa-hassler","status":"publish","type":"post","link":"https:\/\/laserenaradio.cl\/web\/2025\/02\/22\/desbordes-anuncia-demanda-para-paralizar-construccion-de-carcel-en-santiago-criticando-a-exalcaldesa-hassler\/","title":{"rendered":"Desbordes Anuncia Demanda para Paralizar Construcci\u00f3n de C\u00e1rcel en Santiago, Criticando a Exalcaldesa Hassler"},"content":{"rendered":"<p><b>Este s\u00e1bado, el alcalde de Santiago, Mario Desbordes, anunci\u00f3 la presentaci\u00f3n de una \u201cdemanda de nulidad\u201d para paralizar la construcci\u00f3n de la nueva c\u00e1rcel en la capital tras la declinaci\u00f3n de un recurso por parte de la Corte Suprema<\/b><!--more-->.<\/p>\n<p>En este contexto, Desbordes critic\u00f3 a la exalcaldesa Irac\u00ed Hassler, acus\u00e1ndola de &#8220;falta de gesti\u00f3n&#8221;.<\/p>\n<p>Recordemos que el 20 de enero pasado, Desbordes present\u00f3 un recurso ante la Corte de Apelaciones de Santiago contra el <a href=\"http:\/\/www.minvu.cl\/\">Ministerio de Vivienda y Urbanismo<\/a>, denunciando &#8220;ilegalidad y arbitrariedad&#8221; en la aprobaci\u00f3n del plan regulador para las nuevas plazas penitenciarias (500).<br \/>\nSin embargo, ambos tribunales rechazaron su acci\u00f3n judicial.<\/p>\n<p>Seg\u00fan Desbordes, el recurso de protecci\u00f3n no es suficiente para frenar la construcci\u00f3n. Por lo tanto, anunci\u00f3 que ingresar\u00e1n una demanda de nulidad de derecho p\u00fablico en la pr\u00f3xima semana, buscando una orden de no innovar con el objetivo de detener las gestiones actuales.<\/p>\n<p>&#8220;La Suprema no entr\u00f3 al fondo del asunto; simplemente consider\u00f3 que el recurso de protecci\u00f3n no es la v\u00eda adecuada&#8221;, advirti\u00f3 Desbordes.<\/p>\n<p>&#8220;Es una cuesti\u00f3n de forma que nos lleva a una v\u00eda m\u00e1s larga&#8221;.<\/p>\n<p>Desbordes responsabiliz\u00f3 a Hassler, acus\u00e1ndola de \u201cfalta de gesti\u00f3n en tribunales\u201d y lamentando los meses perdidos debido a su pasada administraci\u00f3n.<\/p>\n<p>Por su parte, Hassler dijo estar abierta con su equipo t\u00e9cnico para contribuir al bienestar de la comuna.<\/p>\n<p>&#8220;Nuestros equipos t\u00e9cnicos hab\u00edan advertido que un recurso de protecci\u00f3n no era la v\u00eda correcta&#8221;, asegur\u00f3 Hassler.<\/p>\n<p>La ampliaci\u00f3n de Santiago, que incluye 1.600 nuevas plazas penitenciarias, y las consecuencias en el Plan Regulador de la comuna, son temas centralizados en esta controversia jur\u00eddica.<\/p>\n","protected":false},"excerpt":{"rendered":"<p>Este s\u00e1bado, el alcalde de Santiago, Mario Desbordes, anunci\u00f3 la presentaci\u00f3n de una \u201cdemanda de nulidad\u201d para paralizar la construcci\u00f3n de la nueva c\u00e1rcel en la capital tras la declinaci\u00f3n de un recurso por parte de la Corte Suprema<\/p>\n","protected":false},"author":2,"featured_media":12088,"comment_status":"closed","ping_status":"open","sticky":false,"template":"","format":"standard","meta":{"_jetpack_memberships_contains_paid_content":false,"jnews-multi-image_gallery":[],"jnews_single_post":[],"jnews_primary_category":[],"jnews_social_meta":[],"jnews_paywall_metabox":[],"jnews_review":[],"enable_review":"","type":"","name":"","summary":"","brand":"","sku":"","good":[],"bad":[],"score_override":"","override_value":"","rating":[],"price":[],"jnews_override_counter":[],"jnews_post_split":[],"footnotes":""},"categories":[21],"tags":[],"class_list":["post-12089","post","type-post","status-publish","format-standard","has-post-thumbnail","hentry","category-nacional"],"jetpack_featured_media_url":"https:\/\/laserenaradio.cl\/web\/wp-content\/uploads\/2025\/02\/homepiaiextractoscrapimg_webprecursoDesbordesSantiagoHassler_0.webp","jetpack_sharing_enabled":true,"_links":{"self":[{"href":"https:\/\/laserenaradio.cl\/web\/wp-json\/wp\/v2\/posts\/12089","targetHints":{"allow":["GET"]}}],"collection":[{"href":"https:\/\/laserenaradio.cl\/web\/wp-json\/wp\/v2\/posts"}],"about":[{"href":"https:\/\/laserenaradio.cl\/web\/wp-json\/wp\/v2\/types\/post"}],"author":[{"embeddable":true,"href":"https:\/\/laserenaradio.cl\/web\/wp-json\/wp\/v2\/users\/2"}],"replies":[{"embeddable":true,"href":"https:\/\/laserenaradio.cl\/web\/wp-json\/wp\/v2\/comments?post=12089"}],"version-history":[{"count":1,"href":"https:\/\/laserenaradio.cl\/web\/wp-json\/wp\/v2\/posts\/12089\/revisions"}],"predecessor-version":[{"id":12090,"href":"https:\/\/laserenaradio.cl\/web\/wp-json\/wp\/v2\/posts\/12089\/revisions\/12090"}],"wp:featuredmedia":[{"embeddable":true,"href":"https:\/\/laserenaradio.cl\/web\/wp-json\/wp\/v2\/media\/12088"}],"wp:attachment":[{"href":"https:\/\/laserenaradio.cl\/web\/wp-json\/wp\/v2\/media?parent=12089"}],"wp:term":[{"taxonomy":"category","embeddable":true,"href":"https:\/\/laserenaradio.cl\/web\/wp-json\/wp\/v2\/categories?post=12089"},{"taxonomy":"post_tag","embeddable":true,"href":"https:\/\/laserenaradio.cl\/web\/wp-json\/wp\/v2\/tags?post=12089"}],"curies":[{"name":"wp","href":"https:\/\/api.w.org\/{rel}","templated":true}]}}