{"id":12079,"date":"2025-02-22T19:27:46","date_gmt":"2025-02-22T22:27:46","guid":{"rendered":"https:\/\/laserenaradio.cl\/web\/?p=12079"},"modified":"2025-02-22T19:28:17","modified_gmt":"2025-02-22T22:28:17","slug":"coquimbo-unido-solidario-plantel-masculino-e-hinchas-rinden-homenaje-a-natsumy-millones-en-partido-contra-universidad-catolica","status":"publish","type":"post","link":"https:\/\/laserenaradio.cl\/web\/2025\/02\/22\/coquimbo-unido-solidario-plantel-masculino-e-hinchas-rinden-homenaje-a-natsumy-millones-en-partido-contra-universidad-catolica\/","title":{"rendered":"Coquimbo Unido solidario: Plantel masculino e hinchas rinden homenaje a Natsumy Millones en partido contra Universidad Cat\u00f3lica"},"content":{"rendered":"\n<p><b>El plantel masculino y femenino de Coquimbo Unido dedic\u00f3 un partido contra Universidad Cat\u00f3lica a Natsumy Millones, quien se encuentra internada tras desvanecerse en entrenamiento<\/b><\/p>\n\n\n\n<!--more-->\n\n\n\n<p>.<\/p>\n\n\n\n<p>Antes del juego, los equipos mostraron su apoyo con una pancarta y una ovaci\u00f3n durante el partido en honor a la joven futbolista de 18 a\u00f1os, miembro de la selecci\u00f3n chilena femenina (La Roja).<\/p>\n\n\n\n<figure class=\"wp-block-embed is-type-rich is-provider-twitter wp-block-embed-twitter\"><div class=\"wp-block-embed__wrapper\">\n<blockquote class=\"twitter-tweet\" data-width=\"500\" data-dnt=\"true\"><p lang=\"es\" dir=\"ltr\">\ud83d\udcaa \u00a1Mucha Fuerza y Coraje, Natsumy! \ud83d\udc9b\ud83d\udda4<br><br>Los Planteles de Honor masculino y femenino, el puerto y todo COQUIMBO te esperamos en casa \ud83d\udc9b\ud83d\udda4 <a href=\"https:\/\/t.co\/Jif298hvv5\">pic.twitter.com\/Jif298hvv5<\/a><\/p>&mdash; Coquimbo Unido (@coquimbounido) <a href=\"https:\/\/twitter.com\/coquimbounido\/status\/1893415229913976850?ref_src=twsrc%5Etfw\">February 22, 2025<\/a><\/blockquote><script async src=\"https:\/\/platform.twitter.com\/widgets.js\" charset=\"utf-8\"><\/script>\n<\/div><\/figure>\n","protected":false},"excerpt":{"rendered":"<p>El plantel masculino y femenino de Coquimbo Unido dedic\u00f3 un partido contra Universidad Cat\u00f3lica a Natsumy Millones, quien se encuentra internada tras desvanecerse en entrenamiento<\/p>\n","protected":false},"author":2,"featured_media":12078,"comment_status":"closed","ping_status":"open","sticky":false,"template":"","format":"standard","meta":{"_jetpack_memberships_contains_paid_content":false,"jnews-multi-image_gallery":[],"jnews_single_post":{"format":"standard"},"jnews_primary_category":[],"jnews_social_meta":[],"jnews_paywall_metabox":[],"jnews_review":[],"enable_review":"","type":"","name":"","summary":"","brand":"","sku":"","good":[],"bad":[],"score_override":"","override_value":"","rating":[],"price":[],"jnews_override_counter":[],"jnews_post_split":[],"footnotes":""},"categories":[84],"tags":[],"class_list":["post-12079","post","type-post","status-publish","format-standard","has-post-thumbnail","hentry","category-deportes"],"jetpack_featured_media_url":"https:\/\/laserenaradio.cl\/web\/wp-content\/uploads\/2025\/02\/homepiaiextractoscrapimg_webppartidomasculinoCoquimboUnidocontra_1.webp","jetpack_sharing_enabled":true,"_links":{"self":[{"href":"https:\/\/laserenaradio.cl\/web\/wp-json\/wp\/v2\/posts\/12079","targetHints":{"allow":["GET"]}}],"collection":[{"href":"https:\/\/laserenaradio.cl\/web\/wp-json\/wp\/v2\/posts"}],"about":[{"href":"https:\/\/laserenaradio.cl\/web\/wp-json\/wp\/v2\/types\/post"}],"author":[{"embeddable":true,"href":"https:\/\/laserenaradio.cl\/web\/wp-json\/wp\/v2\/users\/2"}],"replies":[{"embeddable":true,"href":"https:\/\/laserenaradio.cl\/web\/wp-json\/wp\/v2\/comments?post=12079"}],"version-history":[{"count":2,"href":"https:\/\/laserenaradio.cl\/web\/wp-json\/wp\/v2\/posts\/12079\/revisions"}],"predecessor-version":[{"id":12081,"href":"https:\/\/laserenaradio.cl\/web\/wp-json\/wp\/v2\/posts\/12079\/revisions\/12081"}],"wp:featuredmedia":[{"embeddable":true,"href":"https:\/\/laserenaradio.cl\/web\/wp-json\/wp\/v2\/media\/12078"}],"wp:attachment":[{"href":"https:\/\/laserenaradio.cl\/web\/wp-json\/wp\/v2\/media?parent=12079"}],"wp:term":[{"taxonomy":"category","embeddable":true,"href":"https:\/\/laserenaradio.cl\/web\/wp-json\/wp\/v2\/categories?post=12079"},{"taxonomy":"post_tag","embeddable":true,"href":"https:\/\/laserenaradio.cl\/web\/wp-json\/wp\/v2\/tags?post=12079"}],"curies":[{"name":"wp","href":"https:\/\/api.w.org\/{rel}","templated":true}]}}