{"id":12076,"date":"2025-02-22T19:14:37","date_gmt":"2025-02-22T22:14:37","guid":{"rendered":"https:\/\/laserenaradio.cl\/web\/?p=12076"},"modified":"2025-02-22T19:14:37","modified_gmt":"2025-02-22T22:14:37","slug":"conductor-ebrio-que-atropello-y-mato-a-un-hombre-en-valdivia-ingresara-a-prision-preventiva","status":"publish","type":"post","link":"https:\/\/laserenaradio.cl\/web\/2025\/02\/22\/conductor-ebrio-que-atropello-y-mato-a-un-hombre-en-valdivia-ingresara-a-prision-preventiva\/","title":{"rendered":"Conductor ebrio que atropell\u00f3 y mat\u00f3 a un hombre en Valdivia ingresar\u00e1 a prisi\u00f3n preventiva"},"content":{"rendered":"<p><b>Un conductor de 32 a\u00f1os qued\u00f3 en prisi\u00f3n preventiva por atropellar y causar la muerte a un hombre de 62 a\u00f1os en Avenida Espa\u00f1a de Valdivia, regi\u00f3n de Los R\u00edos<\/b><!--more-->.<\/p>\n<p>El incidente ocurri\u00f3 el mi\u00e9rcoles 12 de febrero cuando Relehui Neip\u00e1n conduc\u00eda un Hyundai Tucson.<\/p>\n<p>Seg\u00fan informes preliminares, el chofer perdi\u00f3 el control del veh\u00edculo y se subi\u00f3 a la vereda, atropellando al hombre y caus\u00e1ndole la muerte instant\u00e1nea.<\/p>\n<p>Al realizar el test de alcoholemia, <a href=\"https:\/\/www.carabineros.cl\/\">Carabineros<\/a> confirm\u00f3 que el conductor ten\u00eda 0,88 gramos de alcohol por litro de sangre, lo que se considera conducci\u00f3n en estado de ebriedad. Como resultado, fue detenido y formalizado en el Juzgado de Garant\u00eda por el delito de conducci\u00f3n con resultado de muerte, quedando bajo arresto domiciliario total y arraigo nacional.<\/p>\n<p>En representaci\u00f3n de la familia del fallecido, los abogados Mauricio Obreque y Luciano Masias presentaron una querella. Asimismo, apelaron para endurecer la medida cautelar.<\/p>\n<p>Durante el juicio, Obreque argument\u00f3 varios puntos ante la Corte de Apelaciones para solicitar prisi\u00f3n preventiva.<\/p>\n<p>El tribunal de alzada determin\u00f3 que Relehui deber\u00e1 cumplir prisi\u00f3n preventiva en la c\u00e1rcel de Valdivia. En caso de incumplimiento, se emitir\u00e1 una orden de detenci\u00f3n.<\/p>\n<p>Entre las pericias solicitadas por los abogados querellantes est\u00e1n un test de drogas y la revisi\u00f3n de c\u00e1maras de seguridad para determinar la velocidad de Relehui en el momento del atropello.<\/p>\n<p>El fallecido fue identificado como Ren\u00e9 Arnaldo Vega Matus, trabajador de un astillero de Valdivia con 33 a\u00f1os de matrimonio, una hija y dos nietos.<\/p>\n","protected":false},"excerpt":{"rendered":"<p>Un conductor de 32 a\u00f1os qued\u00f3 en prisi\u00f3n preventiva por atropellar y causar la muerte a un hombre de 62 a\u00f1os en Avenida Espa\u00f1a de Valdivia, regi\u00f3n de Los R\u00edos<\/p>\n","protected":false},"author":2,"featured_media":12075,"comment_status":"closed","ping_status":"open","sticky":false,"template":"","format":"standard","meta":{"_jetpack_memberships_contains_paid_content":false,"jnews-multi-image_gallery":[],"jnews_single_post":[],"jnews_primary_category":[],"jnews_social_meta":[],"jnews_paywall_metabox":[],"jnews_review":[],"enable_review":"","type":"","name":"","summary":"","brand":"","sku":"","good":[],"bad":[],"score_override":"","override_value":"","rating":[],"price":[],"jnews_override_counter":[],"jnews_post_split":[],"footnotes":""},"categories":[21],"tags":[],"class_list":["post-12076","post","type-post","status-publish","format-standard","has-post-thumbnail","hentry","category-nacional"],"jetpack_featured_media_url":"https:\/\/laserenaradio.cl\/web\/wp-content\/uploads\/2025\/02\/homepiaiextractoscrapimg_webppreventivaValdiviamuertehombre_0.webp","jetpack_sharing_enabled":true,"_links":{"self":[{"href":"https:\/\/laserenaradio.cl\/web\/wp-json\/wp\/v2\/posts\/12076","targetHints":{"allow":["GET"]}}],"collection":[{"href":"https:\/\/laserenaradio.cl\/web\/wp-json\/wp\/v2\/posts"}],"about":[{"href":"https:\/\/laserenaradio.cl\/web\/wp-json\/wp\/v2\/types\/post"}],"author":[{"embeddable":true,"href":"https:\/\/laserenaradio.cl\/web\/wp-json\/wp\/v2\/users\/2"}],"replies":[{"embeddable":true,"href":"https:\/\/laserenaradio.cl\/web\/wp-json\/wp\/v2\/comments?post=12076"}],"version-history":[{"count":1,"href":"https:\/\/laserenaradio.cl\/web\/wp-json\/wp\/v2\/posts\/12076\/revisions"}],"predecessor-version":[{"id":12077,"href":"https:\/\/laserenaradio.cl\/web\/wp-json\/wp\/v2\/posts\/12076\/revisions\/12077"}],"wp:featuredmedia":[{"embeddable":true,"href":"https:\/\/laserenaradio.cl\/web\/wp-json\/wp\/v2\/media\/12075"}],"wp:attachment":[{"href":"https:\/\/laserenaradio.cl\/web\/wp-json\/wp\/v2\/media?parent=12076"}],"wp:term":[{"taxonomy":"category","embeddable":true,"href":"https:\/\/laserenaradio.cl\/web\/wp-json\/wp\/v2\/categories?post=12076"},{"taxonomy":"post_tag","embeddable":true,"href":"https:\/\/laserenaradio.cl\/web\/wp-json\/wp\/v2\/tags?post=12076"}],"curies":[{"name":"wp","href":"https:\/\/api.w.org\/{rel}","templated":true}]}}