{"id":12073,"date":"2025-02-22T17:18:55","date_gmt":"2025-02-22T20:18:55","guid":{"rendered":"https:\/\/laserenaradio.cl\/web\/?p=12073"},"modified":"2025-02-22T17:18:55","modified_gmt":"2025-02-22T20:18:55","slug":"carolina-toha-no-vamos-a-dejar-solo-a-ancud-tras-megaincendio","status":"publish","type":"post","link":"https:\/\/laserenaradio.cl\/web\/2025\/02\/22\/carolina-toha-no-vamos-a-dejar-solo-a-ancud-tras-megaincendio\/","title":{"rendered":"Carolina Toh\u00e1: &#8216;No vamos a dejar solo a Ancud&#8217; tras megaincendio"},"content":{"rendered":"<p><b>La ministra del Interior, Carolina Toh\u00e1, inform\u00f3 sobre un megaincendio en el centro comercial Paseo Plaza de Ancud, regi\u00f3n de Los Lagos<\/b><!--more-->.<\/p>\n<p>Seg\u00fan datos provisionales, el incendio ha dejado 300 damnificados y afectado al menos 60 locales comerciales, m\u00e1s cuatro propiedades.<\/p>\n<p>El <a href=\"http:\/\/www.senapred.cl\">Senapred<\/a> declar\u00f3 emergencia comunal para movilizar recursos necesarios.<\/p>\n<p>Toh\u00e1 destac\u00f3 los esfuerzos de autoridades y anunci\u00f3 que se sumar\u00e1 el ministro Juan Carlos Mu\u00f1oz al equipo de gobierno en terreno.<\/p>\n<p>En la zona est\u00e1n presentes la delegada presidencial regional, el director regional de <a href=\"http:\/\/www.senapred.cl\">Senapred<\/a>, funcionarios de Econom\u00eda y Desarrollo Social, trabajando con el municipio.<\/p>\n<p>Se inform\u00f3 que <a href=\"https:\/\/www.pdichile.cl\/\">PDI<\/a> investiga el origen del fuego y la prioridad es evaluar da\u00f1os, apoyar a personas damnificadas y negocios afectados.<\/p>\n<p>Toh\u00e1 enfatiz\u00f3 que Ancud no estar\u00e1 sola en esta emergencia y trabajar\u00e1n conjuntamente para superarla.<\/p>\n","protected":false},"excerpt":{"rendered":"<p>La ministra del Interior, Carolina Toh\u00e1, inform\u00f3 sobre un megaincendio en el centro comercial Paseo Plaza de Ancud, regi\u00f3n de Los Lagos<\/p>\n","protected":false},"author":2,"featured_media":12072,"comment_status":"closed","ping_status":"open","sticky":false,"template":"","format":"standard","meta":{"_jetpack_memberships_contains_paid_content":false,"jnews-multi-image_gallery":[],"jnews_single_post":[],"jnews_primary_category":[],"jnews_social_meta":[],"jnews_paywall_metabox":[],"jnews_review":[],"enable_review":"","type":"","name":"","summary":"","brand":"","sku":"","good":[],"bad":[],"score_override":"","override_value":"","rating":[],"price":[],"jnews_override_counter":[],"jnews_post_split":[],"footnotes":""},"categories":[21],"tags":[],"class_list":["post-12073","post","type-post","status-publish","format-standard","has-post-thumbnail","hentry","category-nacional"],"jetpack_featured_media_url":"https:\/\/laserenaradio.cl\/web\/wp-content\/uploads\/2025\/02\/homepiaiextractoscrapimg_webpAncudCarolinamegaincendiosenapred_1.webp","jetpack_sharing_enabled":true,"_links":{"self":[{"href":"https:\/\/laserenaradio.cl\/web\/wp-json\/wp\/v2\/posts\/12073","targetHints":{"allow":["GET"]}}],"collection":[{"href":"https:\/\/laserenaradio.cl\/web\/wp-json\/wp\/v2\/posts"}],"about":[{"href":"https:\/\/laserenaradio.cl\/web\/wp-json\/wp\/v2\/types\/post"}],"author":[{"embeddable":true,"href":"https:\/\/laserenaradio.cl\/web\/wp-json\/wp\/v2\/users\/2"}],"replies":[{"embeddable":true,"href":"https:\/\/laserenaradio.cl\/web\/wp-json\/wp\/v2\/comments?post=12073"}],"version-history":[{"count":1,"href":"https:\/\/laserenaradio.cl\/web\/wp-json\/wp\/v2\/posts\/12073\/revisions"}],"predecessor-version":[{"id":12074,"href":"https:\/\/laserenaradio.cl\/web\/wp-json\/wp\/v2\/posts\/12073\/revisions\/12074"}],"wp:featuredmedia":[{"embeddable":true,"href":"https:\/\/laserenaradio.cl\/web\/wp-json\/wp\/v2\/media\/12072"}],"wp:attachment":[{"href":"https:\/\/laserenaradio.cl\/web\/wp-json\/wp\/v2\/media?parent=12073"}],"wp:term":[{"taxonomy":"category","embeddable":true,"href":"https:\/\/laserenaradio.cl\/web\/wp-json\/wp\/v2\/categories?post=12073"},{"taxonomy":"post_tag","embeddable":true,"href":"https:\/\/laserenaradio.cl\/web\/wp-json\/wp\/v2\/tags?post=12073"}],"curies":[{"name":"wp","href":"https:\/\/api.w.org\/{rel}","templated":true}]}}