{"id":12069,"date":"2025-02-22T15:56:42","date_gmt":"2025-02-22T18:56:42","guid":{"rendered":"https:\/\/laserenaradio.cl\/web\/?p=12069"},"modified":"2025-02-22T15:58:09","modified_gmt":"2025-02-22T18:58:09","slug":"haitiano-queda-en-prision-preventiva-tras-destrozos-en-el-aeropuerto-de-santiago","status":"publish","type":"post","link":"https:\/\/laserenaradio.cl\/web\/2025\/02\/22\/haitiano-queda-en-prision-preventiva-tras-destrozos-en-el-aeropuerto-de-santiago\/","title":{"rendered":"Haitiano queda en prisi\u00f3n preventiva tras destrozos en el Aeropuerto de Santiago"},"content":{"rendered":"\n<p><b>Un hombre haitiano qued\u00f3 en prisi\u00f3n preventiva por segundo episodio de destrozos en el Aeropuerto de Santiago en menos de siete meses<\/b><\/p>\n\n\n\n<!--more-->\n\n\n\n<p>.<\/p>\n\n\n\n<p>Fue formalizado por da\u00f1os calificados, porte de arma blanca y elementos incendiarios.<\/p>\n\n\n\n<p>La <a href=\"https:\/\/www.fiscaliadechile.cl\/\">Fiscal\u00eda<\/a> Occidente solicit\u00f3 la medida cautelar debido a los antecedentes del individuo, y el tribunal accedi\u00f3, estableciendo un plazo de 60 d\u00edas para la investigaci\u00f3n.<\/p>\n\n\n\n<figure class=\"wp-block-embed is-type-rich is-provider-twitter wp-block-embed-twitter\"><div class=\"wp-block-embed__wrapper\">\n<blockquote class=\"twitter-tweet\" data-width=\"500\" data-dnt=\"true\"><p lang=\"es\" dir=\"ltr\">Pablo Herrera tenia raz\u00f3n <br>Los Haitianos y los venezolanos<br>Son de Alto riesgo<br>Ya se vio hoy en el Aeropuerto de Santiago \ud83c\udde8\ud83c\uddf1<br>Un haitiano por segunda vez destruye TODO<a href=\"https:\/\/twitter.com\/hashtag\/contigoendirectochv?src=hash&amp;ref_src=twsrc%5Etfw\">#contigoendirectochv<\/a> <a href=\"https:\/\/twitter.com\/hashtag\/ALERTA?src=hash&amp;ref_src=twsrc%5Etfw\">#ALERTA<\/a> <a href=\"https:\/\/t.co\/2ht5HSLpIS\">pic.twitter.com\/2ht5HSLpIS<\/a><\/p>&mdash; SiempreShileno (@SaulGoldman2) <a href=\"https:\/\/twitter.com\/SaulGoldman2\/status\/1893018559078412473?ref_src=twsrc%5Etfw\">February 21, 2025<\/a><\/blockquote><script async src=\"https:\/\/platform.twitter.com\/widgets.js\" charset=\"utf-8\"><\/script>\n<\/div><\/figure>\n","protected":false},"excerpt":{"rendered":"<p>Un hombre haitiano qued\u00f3 en prisi\u00f3n preventiva por segundo episodio de destrozos en el Aeropuerto de Santiago en menos de siete meses<\/p>\n","protected":false},"author":2,"featured_media":12068,"comment_status":"closed","ping_status":"open","sticky":false,"template":"","format":"standard","meta":{"_jetpack_memberships_contains_paid_content":false,"jnews-multi-image_gallery":[],"jnews_single_post":{"format":"standard"},"jnews_primary_category":[],"jnews_social_meta":[],"jnews_paywall_metabox":[],"jnews_review":[],"enable_review":"","type":"","name":"","summary":"","brand":"","sku":"","good":[],"bad":[],"score_override":"","override_value":"","rating":[],"price":[],"jnews_override_counter":[],"jnews_post_split":[],"footnotes":""},"categories":[21],"tags":[],"class_list":["post-12069","post","type-post","status-publish","format-standard","has-post-thumbnail","hentry","category-nacional"],"jetpack_featured_media_url":"https:\/\/laserenaradio.cl\/web\/wp-content\/uploads\/2025\/02\/homepiaiextractoscrapimg_webppreventivadestrozosAeropuertoSantiago_1.webp","jetpack_sharing_enabled":true,"_links":{"self":[{"href":"https:\/\/laserenaradio.cl\/web\/wp-json\/wp\/v2\/posts\/12069","targetHints":{"allow":["GET"]}}],"collection":[{"href":"https:\/\/laserenaradio.cl\/web\/wp-json\/wp\/v2\/posts"}],"about":[{"href":"https:\/\/laserenaradio.cl\/web\/wp-json\/wp\/v2\/types\/post"}],"author":[{"embeddable":true,"href":"https:\/\/laserenaradio.cl\/web\/wp-json\/wp\/v2\/users\/2"}],"replies":[{"embeddable":true,"href":"https:\/\/laserenaradio.cl\/web\/wp-json\/wp\/v2\/comments?post=12069"}],"version-history":[{"count":2,"href":"https:\/\/laserenaradio.cl\/web\/wp-json\/wp\/v2\/posts\/12069\/revisions"}],"predecessor-version":[{"id":12071,"href":"https:\/\/laserenaradio.cl\/web\/wp-json\/wp\/v2\/posts\/12069\/revisions\/12071"}],"wp:featuredmedia":[{"embeddable":true,"href":"https:\/\/laserenaradio.cl\/web\/wp-json\/wp\/v2\/media\/12068"}],"wp:attachment":[{"href":"https:\/\/laserenaradio.cl\/web\/wp-json\/wp\/v2\/media?parent=12069"}],"wp:term":[{"taxonomy":"category","embeddable":true,"href":"https:\/\/laserenaradio.cl\/web\/wp-json\/wp\/v2\/categories?post=12069"},{"taxonomy":"post_tag","embeddable":true,"href":"https:\/\/laserenaradio.cl\/web\/wp-json\/wp\/v2\/tags?post=12069"}],"curies":[{"name":"wp","href":"https:\/\/api.w.org\/{rel}","templated":true}]}}