{"id":12066,"date":"2025-02-22T15:50:27","date_gmt":"2025-02-22T18:50:27","guid":{"rendered":"https:\/\/laserenaradio.cl\/web\/?p=12066"},"modified":"2025-02-22T15:50:27","modified_gmt":"2025-02-22T18:50:27","slug":"parricidio-en-algarrobo-un-hombre-de-67-anos-fue-imputado-por-el-asesinato-de-su-hijo-de-34-anos","status":"publish","type":"post","link":"https:\/\/laserenaradio.cl\/web\/2025\/02\/22\/parricidio-en-algarrobo-un-hombre-de-67-anos-fue-imputado-por-el-asesinato-de-su-hijo-de-34-anos\/","title":{"rendered":"Parricidio en Algarrobo. Un hombre de 67 a\u00f1os fue imputado por el asesinato de su hijo de 34 a\u00f1os."},"content":{"rendered":"<p><b>Un hombre de 67 a\u00f1os fue detenido bajo medidas cautelares de arresto domiciliario nocturno y arraigo nacional por cometer un parricidio en Algarrobo, Valpara\u00edso<\/b><!--more-->.<\/p>\n<p>Seg\u00fan informes, tras una descompensaci\u00f3n debido a adicciones a las drogas, el imputado agredi\u00f3 a su hijo de 34 a\u00f1os con un arma cortante y posteriormente dispar\u00f3 dos veces, resultando en la muerte del hijo.<\/p>\n<p>La v\u00edctima inicial fue hospitalizada pero falleci\u00f3.<\/p>\n<p>El caso fue investigado por la Brigada de Homicidios de San Antonio, y el imputado qued\u00f3 bajo medidas cautelares con un plazo de investigaci\u00f3n de 180 d\u00edas.<\/p>\n","protected":false},"excerpt":{"rendered":"<p>Un hombre de 67 a\u00f1os fue detenido bajo medidas cautelares de arresto domiciliario nocturno y arraigo nacional por cometer un parricidio en Algarrobo, Valpara\u00edso<\/p>\n","protected":false},"author":2,"featured_media":12065,"comment_status":"closed","ping_status":"open","sticky":false,"template":"","format":"standard","meta":{"_jetpack_memberships_contains_paid_content":false,"jnews-multi-image_gallery":[],"jnews_single_post":[],"jnews_primary_category":[],"jnews_social_meta":[],"jnews_paywall_metabox":[],"jnews_review":[],"enable_review":"","type":"","name":"","summary":"","brand":"","sku":"","good":[],"bad":[],"score_override":"","override_value":"","rating":[],"price":[],"jnews_override_counter":[],"jnews_post_split":[],"footnotes":""},"categories":[21],"tags":[],"class_list":["post-12066","post","type-post","status-publish","format-standard","has-post-thumbnail","hentry","category-nacional"],"jetpack_featured_media_url":"https:\/\/laserenaradio.cl\/web\/wp-content\/uploads\/2025\/02\/homepiaiextractoscrapimg_webpimputadohijohombrebajo_1.webp","jetpack_sharing_enabled":true,"_links":{"self":[{"href":"https:\/\/laserenaradio.cl\/web\/wp-json\/wp\/v2\/posts\/12066","targetHints":{"allow":["GET"]}}],"collection":[{"href":"https:\/\/laserenaradio.cl\/web\/wp-json\/wp\/v2\/posts"}],"about":[{"href":"https:\/\/laserenaradio.cl\/web\/wp-json\/wp\/v2\/types\/post"}],"author":[{"embeddable":true,"href":"https:\/\/laserenaradio.cl\/web\/wp-json\/wp\/v2\/users\/2"}],"replies":[{"embeddable":true,"href":"https:\/\/laserenaradio.cl\/web\/wp-json\/wp\/v2\/comments?post=12066"}],"version-history":[{"count":1,"href":"https:\/\/laserenaradio.cl\/web\/wp-json\/wp\/v2\/posts\/12066\/revisions"}],"predecessor-version":[{"id":12067,"href":"https:\/\/laserenaradio.cl\/web\/wp-json\/wp\/v2\/posts\/12066\/revisions\/12067"}],"wp:featuredmedia":[{"embeddable":true,"href":"https:\/\/laserenaradio.cl\/web\/wp-json\/wp\/v2\/media\/12065"}],"wp:attachment":[{"href":"https:\/\/laserenaradio.cl\/web\/wp-json\/wp\/v2\/media?parent=12066"}],"wp:term":[{"taxonomy":"category","embeddable":true,"href":"https:\/\/laserenaradio.cl\/web\/wp-json\/wp\/v2\/categories?post=12066"},{"taxonomy":"post_tag","embeddable":true,"href":"https:\/\/laserenaradio.cl\/web\/wp-json\/wp\/v2\/tags?post=12066"}],"curies":[{"name":"wp","href":"https:\/\/api.w.org\/{rel}","templated":true}]}}