{"id":12063,"date":"2025-02-22T15:43:49","date_gmt":"2025-02-22T18:43:49","guid":{"rendered":"https:\/\/laserenaradio.cl\/web\/?p=12063"},"modified":"2025-02-22T15:43:49","modified_gmt":"2025-02-22T18:43:49","slug":"senapred-declara-emergencia-comunal-en-ancud-tras-megaincendio-que-deja-300-damnificados","status":"publish","type":"post","link":"https:\/\/laserenaradio.cl\/web\/2025\/02\/22\/senapred-declara-emergencia-comunal-en-ancud-tras-megaincendio-que-deja-300-damnificados\/","title":{"rendered":"Senapred declara emergencia comunal en Ancud tras megaincendio que deja 300 damnificados"},"content":{"rendered":"<p><b>El Servicio Nacional de Prevenci\u00f3n y Respuesta ante Desastres (<a href=\"http:\/\/www.senapred.cl\">Senapred<\/a>) declar\u00f3 emergencia comunal en Ancud, regi\u00f3n de Los Lagos, debido a un megaincendio que comenz\u00f3 en el centro comercial Paseo Plaza durante la madrugada del s\u00e1bado<\/b><!--more-->.<\/p>\n<p>La emergencia ha afectado a 300 personas y causado da\u00f1os en al menos 60 locales comerciales y 10 propiedades.<\/p>\n","protected":false},"excerpt":{"rendered":"<p>El Servicio Nacional de Prevenci\u00f3n y Respuesta ante Desastres (Senapred) declar\u00f3 emergencia comunal en Ancud, regi\u00f3n de Los Lagos, debido a un megaincendio que comenz\u00f3 en el centro comercial Paseo Plaza durante la madrugada del s\u00e1bado<\/p>\n","protected":false},"author":2,"featured_media":12062,"comment_status":"closed","ping_status":"open","sticky":false,"template":"","format":"standard","meta":{"_jetpack_memberships_contains_paid_content":false,"jnews-multi-image_gallery":[],"jnews_single_post":[],"jnews_primary_category":[],"jnews_social_meta":[],"jnews_paywall_metabox":[],"jnews_review":[],"enable_review":"","type":"","name":"","summary":"","brand":"","sku":"","good":[],"bad":[],"score_override":"","override_value":"","rating":[],"price":[],"jnews_override_counter":[],"jnews_post_split":[],"footnotes":""},"categories":[21],"tags":[],"class_list":["post-12063","post","type-post","status-publish","format-standard","has-post-thumbnail","hentry","category-nacional"],"jetpack_featured_media_url":"https:\/\/laserenaradio.cl\/web\/wp-content\/uploads\/2025\/02\/homepiaiextractoscrapimg_webpemergenciaSenapredcomunalAncud_0.webp","jetpack_sharing_enabled":true,"_links":{"self":[{"href":"https:\/\/laserenaradio.cl\/web\/wp-json\/wp\/v2\/posts\/12063","targetHints":{"allow":["GET"]}}],"collection":[{"href":"https:\/\/laserenaradio.cl\/web\/wp-json\/wp\/v2\/posts"}],"about":[{"href":"https:\/\/laserenaradio.cl\/web\/wp-json\/wp\/v2\/types\/post"}],"author":[{"embeddable":true,"href":"https:\/\/laserenaradio.cl\/web\/wp-json\/wp\/v2\/users\/2"}],"replies":[{"embeddable":true,"href":"https:\/\/laserenaradio.cl\/web\/wp-json\/wp\/v2\/comments?post=12063"}],"version-history":[{"count":1,"href":"https:\/\/laserenaradio.cl\/web\/wp-json\/wp\/v2\/posts\/12063\/revisions"}],"predecessor-version":[{"id":12064,"href":"https:\/\/laserenaradio.cl\/web\/wp-json\/wp\/v2\/posts\/12063\/revisions\/12064"}],"wp:featuredmedia":[{"embeddable":true,"href":"https:\/\/laserenaradio.cl\/web\/wp-json\/wp\/v2\/media\/12062"}],"wp:attachment":[{"href":"https:\/\/laserenaradio.cl\/web\/wp-json\/wp\/v2\/media?parent=12063"}],"wp:term":[{"taxonomy":"category","embeddable":true,"href":"https:\/\/laserenaradio.cl\/web\/wp-json\/wp\/v2\/categories?post=12063"},{"taxonomy":"post_tag","embeddable":true,"href":"https:\/\/laserenaradio.cl\/web\/wp-json\/wp\/v2\/tags?post=12063"}],"curies":[{"name":"wp","href":"https:\/\/api.w.org\/{rel}","templated":true}]}}