{"id":12059,"date":"2025-02-22T12:50:48","date_gmt":"2025-02-22T15:50:48","guid":{"rendered":"https:\/\/laserenaradio.cl\/web\/?p=12059"},"modified":"2025-02-22T12:50:48","modified_gmt":"2025-02-22T15:50:48","slug":"un-incendio-de-grandes-dimensiones-afecta-a-ancud-region-de-los-lagos","status":"publish","type":"post","link":"https:\/\/laserenaradio.cl\/web\/2025\/02\/22\/un-incendio-de-grandes-dimensiones-afecta-a-ancud-region-de-los-lagos\/","title":{"rendered":"Un incendio de grandes dimensiones afecta a Ancud, regi\u00f3n de Los Lagos"},"content":{"rendered":"<p><b>Un gigantesco incendio que comenz\u00f3 durante la madrugada del s\u00e1bado en Ancud, regi\u00f3n de Los Lagos, ha dejado al menos 60 locales comerciales afectados y m\u00e1s de 300 damnificados<\/b><!--more-->.<\/p>\n<p>El fuego inici\u00f3 en el centro comercial Paseo Plaza y ha consumido una cuadra completa.<\/p>\n<p>Las autoridades locales han desplegado diversos recursos para controlar las llamas, incluyendo a bomberos, voluntarios, <a href=\"https:\/\/www.carabineros.cl\/\">Carabineros<\/a>, SURALIS, SAESA y la Unidad Municipal de Gesti\u00f3n del Riesgo de Desastres.<\/p>\n<p>Se informa que 10 propiedades m\u00e1s presentan da\u00f1os.<\/p>\n","protected":false},"excerpt":{"rendered":"<p>Un gigantesco incendio que comenz\u00f3 durante la madrugada del s\u00e1bado en Ancud, regi\u00f3n de Los Lagos, ha dejado al menos 60 locales comerciales afectados y m\u00e1s de 300 damnificados<\/p>\n","protected":false},"author":2,"featured_media":12058,"comment_status":"closed","ping_status":"open","sticky":false,"template":"","format":"standard","meta":{"_jetpack_memberships_contains_paid_content":false,"jnews-multi-image_gallery":[],"jnews_single_post":{"format":"standard"},"jnews_primary_category":[],"jnews_social_meta":[],"jnews_paywall_metabox":[],"jnews_review":[],"enable_review":"","type":"","name":"","summary":"","brand":"","sku":"","good":[],"bad":[],"score_override":"","override_value":"","rating":[],"price":[],"jnews_override_counter":[],"jnews_post_split":[],"footnotes":""},"categories":[21],"tags":[],"class_list":["post-12059","post","type-post","status-publish","format-standard","has-post-thumbnail","hentry","category-nacional"],"jetpack_featured_media_url":"https:\/\/laserenaradio.cl\/web\/wp-content\/uploads\/2025\/02\/homepiaiextractoscrapimg_webpincendioAncudlocalesgigantesco_1.webp","jetpack_sharing_enabled":true,"_links":{"self":[{"href":"https:\/\/laserenaradio.cl\/web\/wp-json\/wp\/v2\/posts\/12059","targetHints":{"allow":["GET"]}}],"collection":[{"href":"https:\/\/laserenaradio.cl\/web\/wp-json\/wp\/v2\/posts"}],"about":[{"href":"https:\/\/laserenaradio.cl\/web\/wp-json\/wp\/v2\/types\/post"}],"author":[{"embeddable":true,"href":"https:\/\/laserenaradio.cl\/web\/wp-json\/wp\/v2\/users\/2"}],"replies":[{"embeddable":true,"href":"https:\/\/laserenaradio.cl\/web\/wp-json\/wp\/v2\/comments?post=12059"}],"version-history":[{"count":2,"href":"https:\/\/laserenaradio.cl\/web\/wp-json\/wp\/v2\/posts\/12059\/revisions"}],"predecessor-version":[{"id":12061,"href":"https:\/\/laserenaradio.cl\/web\/wp-json\/wp\/v2\/posts\/12059\/revisions\/12061"}],"wp:featuredmedia":[{"embeddable":true,"href":"https:\/\/laserenaradio.cl\/web\/wp-json\/wp\/v2\/media\/12058"}],"wp:attachment":[{"href":"https:\/\/laserenaradio.cl\/web\/wp-json\/wp\/v2\/media?parent=12059"}],"wp:term":[{"taxonomy":"category","embeddable":true,"href":"https:\/\/laserenaradio.cl\/web\/wp-json\/wp\/v2\/categories?post=12059"},{"taxonomy":"post_tag","embeddable":true,"href":"https:\/\/laserenaradio.cl\/web\/wp-json\/wp\/v2\/tags?post=12059"}],"curies":[{"name":"wp","href":"https:\/\/api.w.org\/{rel}","templated":true}]}}