{"id":12043,"date":"2025-02-22T00:17:40","date_gmt":"2025-02-22T03:17:40","guid":{"rendered":"https:\/\/laserenaradio.cl\/web\/?p=12043"},"modified":"2025-02-22T00:32:38","modified_gmt":"2025-02-22T03:32:38","slug":"reinao-exalcalde-de-renaico-queda-en-prision-preventiva-tras-haber-sido-imputado-por-violacion-y-abuso-sexual-por-mas-de-tres-anosnota","status":"publish","type":"post","link":"https:\/\/laserenaradio.cl\/web\/2025\/02\/22\/reinao-exalcalde-de-renaico-queda-en-prision-preventiva-tras-haber-sido-imputado-por-violacion-y-abuso-sexual-por-mas-de-tres-anosnota\/","title":{"rendered":"Exalcalde de Renaico, queda en prisi\u00f3n preventiva tras haber sido imputado por violaci\u00f3n y abuso sexual"},"content":{"rendered":"<p><b>El exalcalde de Renaico, Juan Carlos Reinao, est\u00e1 detenido preventivamente por 15 meses debido a acusaciones de violaci\u00f3n, abuso sexual e inducci\u00f3n al aborto<\/b><!--more-->.<\/p>\n<p>El plazo de la investigaci\u00f3n fue ampliado por 30 d\u00edas, a solicitud de la <a href=\"https:\/\/www.fiscaliadechile.cl\/\">Fiscal\u00eda<\/a>, para completar diligencias pendientes.<\/p>\n<p>El fiscal Gonzalo Mart\u00ednez lidera el caso desde noviembre de 2023.<\/p>\n<p>Abogados querellantes han expresado que es momento de concluir la causa y presentar acusaciones para llevar al exalcalde a juicio.<\/p>\n","protected":false},"excerpt":{"rendered":"<p>El exalcalde de Renaico, Juan Carlos Reinao, est\u00e1 detenido preventivamente por 15 meses debido a acusaciones de violaci\u00f3n, abuso sexual e inducci\u00f3n al aborto<\/p>\n","protected":false},"author":2,"featured_media":12042,"comment_status":"closed","ping_status":"open","sticky":false,"template":"","format":"standard","meta":{"_jetpack_memberships_contains_paid_content":false,"jnews-multi-image_gallery":[],"jnews_single_post":{"format":"standard"},"jnews_primary_category":[],"jnews_social_meta":[],"jnews_paywall_metabox":[],"jnews_review":[],"enable_review":"","type":"","name":"","summary":"","brand":"","sku":"","good":[],"bad":[],"score_override":"","override_value":"","rating":[],"price":[],"jnews_override_counter":[],"jnews_post_split":[],"footnotes":""},"categories":[21],"tags":[],"class_list":["post-12043","post","type-post","status-publish","format-standard","has-post-thumbnail","hentry","category-nacional"],"jetpack_featured_media_url":"https:\/\/laserenaradio.cl\/web\/wp-content\/uploads\/2025\/02\/homepiaiextractoscrapimg_webpexalcaldeRenaicoacusacionesabuso_1.webp","jetpack_sharing_enabled":true,"_links":{"self":[{"href":"https:\/\/laserenaradio.cl\/web\/wp-json\/wp\/v2\/posts\/12043","targetHints":{"allow":["GET"]}}],"collection":[{"href":"https:\/\/laserenaradio.cl\/web\/wp-json\/wp\/v2\/posts"}],"about":[{"href":"https:\/\/laserenaradio.cl\/web\/wp-json\/wp\/v2\/types\/post"}],"author":[{"embeddable":true,"href":"https:\/\/laserenaradio.cl\/web\/wp-json\/wp\/v2\/users\/2"}],"replies":[{"embeddable":true,"href":"https:\/\/laserenaradio.cl\/web\/wp-json\/wp\/v2\/comments?post=12043"}],"version-history":[{"count":2,"href":"https:\/\/laserenaradio.cl\/web\/wp-json\/wp\/v2\/posts\/12043\/revisions"}],"predecessor-version":[{"id":12045,"href":"https:\/\/laserenaradio.cl\/web\/wp-json\/wp\/v2\/posts\/12043\/revisions\/12045"}],"wp:featuredmedia":[{"embeddable":true,"href":"https:\/\/laserenaradio.cl\/web\/wp-json\/wp\/v2\/media\/12042"}],"wp:attachment":[{"href":"https:\/\/laserenaradio.cl\/web\/wp-json\/wp\/v2\/media?parent=12043"}],"wp:term":[{"taxonomy":"category","embeddable":true,"href":"https:\/\/laserenaradio.cl\/web\/wp-json\/wp\/v2\/categories?post=12043"},{"taxonomy":"post_tag","embeddable":true,"href":"https:\/\/laserenaradio.cl\/web\/wp-json\/wp\/v2\/tags?post=12043"}],"curies":[{"name":"wp","href":"https:\/\/api.w.org\/{rel}","templated":true}]}}