{"id":12037,"date":"2025-02-22T00:10:11","date_gmt":"2025-02-22T03:10:11","guid":{"rendered":"https:\/\/laserenaradio.cl\/web\/?p=12037"},"modified":"2025-02-22T00:10:11","modified_gmt":"2025-02-22T03:10:11","slug":"la-busqueda-por-justicia-tras-la-muerte-de-felipe-ramirez-familiares-reclaman-respuestas","status":"publish","type":"post","link":"https:\/\/laserenaradio.cl\/web\/2025\/02\/22\/la-busqueda-por-justicia-tras-la-muerte-de-felipe-ramirez-familiares-reclaman-respuestas\/","title":{"rendered":"La b\u00fasqueda por justicia tras la muerte de Felipe Ram\u00edrez: familiares reclaman respuestas"},"content":{"rendered":"<p><b>Felipe Ram\u00edrez, de 41 a\u00f1os, falleci\u00f3 tras ser detenido por <a href=\"https:\/\/www.carabineros.cl\/\">Carabineros<\/a> en Vi\u00f1a del Mar.<\/b><!--more--><\/p>\n<p>Se presume que fue detenido por robar, pero su esposa niega esto.<\/p>\n<p>Su muerte ocurri\u00f3 al llegar a un hospital tras ser trasladado desde el Sporting Club.<\/p>\n<p>La familia sospecha de un homicidio y pide una investigaci\u00f3n sobre los acontecimientos entre la entrega a <a href=\"https:\/\/www.carabineros.cl\/\">Carabineros<\/a> y el ingreso al hospital.<\/p>\n<p>Macarena Vel\u00e1zquez, su esposa, asegura que \u00e9l no cometi\u00f3 robo ni ten\u00eda identificaci\u00f3n cuando fue notificada.<\/p>\n<p>Se espera un informe definitivo del <a href=\"http:\/\/www.sml.gob.cl\/\">Servicio M\u00e9dico Legal<\/a> para determinar la causa exacta de muerte.<\/p>\n","protected":false},"excerpt":{"rendered":"<p>Felipe Ram\u00edrez, de 41 a\u00f1os, falleci\u00f3 tras ser detenido por Carabineros en Vi\u00f1a del Mar.<\/p>\n","protected":false},"author":2,"featured_media":12036,"comment_status":"closed","ping_status":"open","sticky":false,"template":"","format":"standard","meta":{"_jetpack_memberships_contains_paid_content":false,"jnews-multi-image_gallery":[],"jnews_single_post":[],"jnews_primary_category":[],"jnews_social_meta":[],"jnews_paywall_metabox":[],"jnews_review":[],"enable_review":"","type":"","name":"","summary":"","brand":"","sku":"","good":[],"bad":[],"score_override":"","override_value":"","rating":[],"price":[],"jnews_override_counter":[],"jnews_post_split":[],"footnotes":""},"categories":[21],"tags":[],"class_list":["post-12037","post","type-post","status-publish","format-standard","has-post-thumbnail","hentry","category-nacional"],"jetpack_featured_media_url":"https:\/\/laserenaradio.cl\/web\/wp-content\/uploads\/2025\/02\/homepiaiextractoscrapimg_webpmuerteFelipedetenidocarabineros_1.webp","jetpack_sharing_enabled":true,"_links":{"self":[{"href":"https:\/\/laserenaradio.cl\/web\/wp-json\/wp\/v2\/posts\/12037","targetHints":{"allow":["GET"]}}],"collection":[{"href":"https:\/\/laserenaradio.cl\/web\/wp-json\/wp\/v2\/posts"}],"about":[{"href":"https:\/\/laserenaradio.cl\/web\/wp-json\/wp\/v2\/types\/post"}],"author":[{"embeddable":true,"href":"https:\/\/laserenaradio.cl\/web\/wp-json\/wp\/v2\/users\/2"}],"replies":[{"embeddable":true,"href":"https:\/\/laserenaradio.cl\/web\/wp-json\/wp\/v2\/comments?post=12037"}],"version-history":[{"count":1,"href":"https:\/\/laserenaradio.cl\/web\/wp-json\/wp\/v2\/posts\/12037\/revisions"}],"predecessor-version":[{"id":12038,"href":"https:\/\/laserenaradio.cl\/web\/wp-json\/wp\/v2\/posts\/12037\/revisions\/12038"}],"wp:featuredmedia":[{"embeddable":true,"href":"https:\/\/laserenaradio.cl\/web\/wp-json\/wp\/v2\/media\/12036"}],"wp:attachment":[{"href":"https:\/\/laserenaradio.cl\/web\/wp-json\/wp\/v2\/media?parent=12037"}],"wp:term":[{"taxonomy":"category","embeddable":true,"href":"https:\/\/laserenaradio.cl\/web\/wp-json\/wp\/v2\/categories?post=12037"},{"taxonomy":"post_tag","embeddable":true,"href":"https:\/\/laserenaradio.cl\/web\/wp-json\/wp\/v2\/tags?post=12037"}],"curies":[{"name":"wp","href":"https:\/\/api.w.org\/{rel}","templated":true}]}}