{"id":12034,"date":"2025-02-22T00:07:23","date_gmt":"2025-02-22T03:07:23","guid":{"rendered":"https:\/\/laserenaradio.cl\/web\/?p=12034"},"modified":"2025-02-22T00:07:23","modified_gmt":"2025-02-22T03:07:23","slug":"carabinero-frustra-femicidio-en-osorno","status":"publish","type":"post","link":"https:\/\/laserenaradio.cl\/web\/2025\/02\/22\/carabinero-frustra-femicidio-en-osorno\/","title":{"rendered":"Carabinero frustra femicidio en Osorno"},"content":{"rendered":"<p><b>Un carabinero detuvo a un hombre de 42 a\u00f1os acusado del intento de femicidio tras apu\u00f1alar a su expareja en Osorno, regi\u00f3n de Los Lagos<\/b><!--more-->.<\/p>\n<p>La v\u00edctima, quien puso fin a la relaci\u00f3n hace 4 meses, result\u00f3 herida en el cuello pero est\u00e1 fuera de peligro vital y recibe atenci\u00f3n m\u00e9dica en el Hospital Base de Osorno.<\/p>\n<p>El detenido tiene antecedentes penales, incluyendo un caso de homicidio.<\/p>\n","protected":false},"excerpt":{"rendered":"<p>Un carabinero detuvo a un hombre de 42 a\u00f1os acusado del intento de femicidio tras apu\u00f1alar a su expareja en Osorno, regi\u00f3n de Los Lagos<\/p>\n","protected":false},"author":2,"featured_media":12033,"comment_status":"closed","ping_status":"open","sticky":false,"template":"","format":"standard","meta":{"_jetpack_memberships_contains_paid_content":false,"jnews-multi-image_gallery":[],"jnews_single_post":[],"jnews_primary_category":[],"jnews_social_meta":[],"jnews_paywall_metabox":[],"jnews_review":[],"enable_review":"","type":"","name":"","summary":"","brand":"","sku":"","good":[],"bad":[],"score_override":"","override_value":"","rating":[],"price":[],"jnews_override_counter":[],"jnews_post_split":[],"footnotes":""},"categories":[21],"tags":[],"class_list":["post-12034","post","type-post","status-publish","format-standard","has-post-thumbnail","hentry","category-nacional"],"jetpack_featured_media_url":"https:\/\/laserenaradio.cl\/web\/wp-content\/uploads\/2025\/02\/homepiaiextractoscrapimg_webpOsornocarabinero_0.webp","jetpack_sharing_enabled":true,"_links":{"self":[{"href":"https:\/\/laserenaradio.cl\/web\/wp-json\/wp\/v2\/posts\/12034","targetHints":{"allow":["GET"]}}],"collection":[{"href":"https:\/\/laserenaradio.cl\/web\/wp-json\/wp\/v2\/posts"}],"about":[{"href":"https:\/\/laserenaradio.cl\/web\/wp-json\/wp\/v2\/types\/post"}],"author":[{"embeddable":true,"href":"https:\/\/laserenaradio.cl\/web\/wp-json\/wp\/v2\/users\/2"}],"replies":[{"embeddable":true,"href":"https:\/\/laserenaradio.cl\/web\/wp-json\/wp\/v2\/comments?post=12034"}],"version-history":[{"count":1,"href":"https:\/\/laserenaradio.cl\/web\/wp-json\/wp\/v2\/posts\/12034\/revisions"}],"predecessor-version":[{"id":12035,"href":"https:\/\/laserenaradio.cl\/web\/wp-json\/wp\/v2\/posts\/12034\/revisions\/12035"}],"wp:featuredmedia":[{"embeddable":true,"href":"https:\/\/laserenaradio.cl\/web\/wp-json\/wp\/v2\/media\/12033"}],"wp:attachment":[{"href":"https:\/\/laserenaradio.cl\/web\/wp-json\/wp\/v2\/media?parent=12034"}],"wp:term":[{"taxonomy":"category","embeddable":true,"href":"https:\/\/laserenaradio.cl\/web\/wp-json\/wp\/v2\/categories?post=12034"},{"taxonomy":"post_tag","embeddable":true,"href":"https:\/\/laserenaradio.cl\/web\/wp-json\/wp\/v2\/tags?post=12034"}],"curies":[{"name":"wp","href":"https:\/\/api.w.org\/{rel}","templated":true}]}}