{"id":12028,"date":"2025-02-21T13:11:54","date_gmt":"2025-02-21T16:11:54","guid":{"rendered":"https:\/\/laserenaradio.cl\/web\/?p=12028"},"modified":"2025-02-21T13:11:54","modified_gmt":"2025-02-21T16:11:54","slug":"representantes-de-gendarmeria-reclaman-urgente-intervencion-para-mejorar-condiciones-en-carceles-del-sur","status":"publish","type":"post","link":"https:\/\/laserenaradio.cl\/web\/2025\/02\/21\/representantes-de-gendarmeria-reclaman-urgente-intervencion-para-mejorar-condiciones-en-carceles-del-sur\/","title":{"rendered":"Representantes de Gendarmer\u00eda reclaman urgente intervenci\u00f3n para mejorar condiciones en c\u00e1rceles del sur"},"content":{"rendered":"<p><b>Representantes de gendarmer\u00eda se reunieron con el Consejo Regional de Los Lagos para exponer las necesidades de infraestructura del Centro de Cumplimiento Penitenciario (CCP) de Osorno<\/b><!--more-->.<\/p>\n<p>El secretario provincial de la Asociaci\u00f3n Nacional de Funcionarios Penitenciarios, Rodrigo Sep\u00falveda, se\u00f1al\u00f3 la preocupaci\u00f3n por el aumento de internos en relaci\u00f3n a la actual infraestructura insuficiente.<\/p>\n<p>Edgardo Caniulef, director regional de <a href=\"http:\/\/www.gendarmeria.gob.cl\/\">Gendarmer\u00eda<\/a>, confirm\u00f3 esfuerzos para mejorar las condiciones de trabajo y habitabilidad de los funcionarios, as\u00ed como la gesti\u00f3n del traslado de reos.<\/p>\n<p>Carlos Schwalm, consejero regional, destac\u00f3 la urgencia de acciones estructurales en el corto plazo para resolver la problem\u00e1tica existente en la c\u00e1rcel de Osorno.<\/p>\n","protected":false},"excerpt":{"rendered":"<p>Representantes de gendarmer\u00eda se reunieron con el Consejo Regional de Los Lagos para exponer las necesidades de infraestructura del Centro de Cumplimiento Penitenciario (CCP) de Osorno<\/p>\n","protected":false},"author":2,"featured_media":12027,"comment_status":"closed","ping_status":"open","sticky":false,"template":"","format":"standard","meta":{"_jetpack_memberships_contains_paid_content":false,"jnews-multi-image_gallery":[],"jnews_single_post":[],"jnews_primary_category":[],"jnews_social_meta":[],"jnews_paywall_metabox":[],"jnews_review":[],"enable_review":"","type":"","name":"","summary":"","brand":"","sku":"","good":[],"bad":[],"score_override":"","override_value":"","rating":[],"price":[],"jnews_override_counter":[],"jnews_post_split":[],"footnotes":""},"categories":[21],"tags":[],"class_list":["post-12028","post","type-post","status-publish","format-standard","has-post-thumbnail","hentry","category-nacional"],"jetpack_featured_media_url":"https:\/\/laserenaradio.cl\/web\/wp-content\/uploads\/2025\/02\/homepiaiextractoscrapimg_webpRepresentantesGendarmeria_1.webp","jetpack_sharing_enabled":true,"_links":{"self":[{"href":"https:\/\/laserenaradio.cl\/web\/wp-json\/wp\/v2\/posts\/12028","targetHints":{"allow":["GET"]}}],"collection":[{"href":"https:\/\/laserenaradio.cl\/web\/wp-json\/wp\/v2\/posts"}],"about":[{"href":"https:\/\/laserenaradio.cl\/web\/wp-json\/wp\/v2\/types\/post"}],"author":[{"embeddable":true,"href":"https:\/\/laserenaradio.cl\/web\/wp-json\/wp\/v2\/users\/2"}],"replies":[{"embeddable":true,"href":"https:\/\/laserenaradio.cl\/web\/wp-json\/wp\/v2\/comments?post=12028"}],"version-history":[{"count":1,"href":"https:\/\/laserenaradio.cl\/web\/wp-json\/wp\/v2\/posts\/12028\/revisions"}],"predecessor-version":[{"id":12029,"href":"https:\/\/laserenaradio.cl\/web\/wp-json\/wp\/v2\/posts\/12028\/revisions\/12029"}],"wp:featuredmedia":[{"embeddable":true,"href":"https:\/\/laserenaradio.cl\/web\/wp-json\/wp\/v2\/media\/12027"}],"wp:attachment":[{"href":"https:\/\/laserenaradio.cl\/web\/wp-json\/wp\/v2\/media?parent=12028"}],"wp:term":[{"taxonomy":"category","embeddable":true,"href":"https:\/\/laserenaradio.cl\/web\/wp-json\/wp\/v2\/categories?post=12028"},{"taxonomy":"post_tag","embeddable":true,"href":"https:\/\/laserenaradio.cl\/web\/wp-json\/wp\/v2\/tags?post=12028"}],"curies":[{"name":"wp","href":"https:\/\/api.w.org\/{rel}","templated":true}]}}