{"id":12004,"date":"2025-02-21T10:46:56","date_gmt":"2025-02-21T13:46:56","guid":{"rendered":"https:\/\/laserenaradio.cl\/web\/?p=12004"},"modified":"2025-02-21T10:46:56","modified_gmt":"2025-02-21T13:46:56","slug":"la-niebla-como-fuente-de-agua-urbana-complementaria","status":"publish","type":"post","link":"https:\/\/laserenaradio.cl\/web\/2025\/02\/21\/la-niebla-como-fuente-de-agua-urbana-complementaria\/","title":{"rendered":"La niebla como fuente de agua urbana complementaria"},"content":{"rendered":"<p><b>Investigadores chilenos han demostrado que la recolecci\u00f3n de agua de niebla puede ser un suministro urbano complementario en zonas \u00e1ridas donde el cambio clim\u00e1tico agrava la escasez de agua<\/b><!--more-->.<\/p>\n<p>Se realiz\u00f3 un estudio en Alto Hospicio, una ciudad hiper\u00e1rida y r\u00e1pidamente urbanizada en el Desierto de Atacama, Chile.<\/p>\n<p>La recolecci\u00f3n de niebla implica colocar una malla entre postes para atrapar la humedad, con posibles capturas diarias de 0,2 a 5 litros por metro cuadrado.<\/p>\n<p>Durante los meses m\u00e1s fr\u00edos y h\u00famedos (agosto-septiembre), esta cantidad puede aumentar hasta 10 litros.<\/p>\n<p>Esta tecnolog\u00eda podr\u00eda beneficiar a asentamientos informales donde solo el 1,6% de las viviendas est\u00e1n conectadas a redes de agua oficial.<\/p>\n<p>Se estima que 17.000 metros cuadrados de malla podr\u00edan producir suficiente agua para los barrios marginales urbanos y 110 metros cuadrados podr\u00edan abastecer el riego urbano.<\/p>\n<p>Aunque la recolecci\u00f3n de niebla no es una soluci\u00f3n \u00fanica, complementa otras estrategias de gesti\u00f3n del agua.<\/p>\n<p>La investigaci\u00f3n apunta a que puede mejorar significativamente la calidad de vida en \u00e1reas urbanas con escasez de agua y est\u00e1 dispuesta para ser implementada m\u00e1s ampliamente si se adaptan las condiciones geogr\u00e1ficas adecuadas.<\/p>\n","protected":false},"excerpt":{"rendered":"<p>Investigadores chilenos han demostrado que la recolecci\u00f3n de agua de niebla puede ser un suministro urbano complementario en zonas \u00e1ridas donde el cambio clim\u00e1tico agrava la escasez de agua<\/p>\n","protected":false},"author":2,"featured_media":12003,"comment_status":"closed","ping_status":"open","sticky":false,"template":"","format":"standard","meta":{"_jetpack_memberships_contains_paid_content":false,"jnews-multi-image_gallery":[],"jnews_single_post":[],"jnews_primary_category":[],"jnews_social_meta":[],"jnews_paywall_metabox":[],"jnews_review":[],"enable_review":"","type":"","name":"","summary":"","brand":"","sku":"","good":[],"bad":[],"score_override":"","override_value":"","rating":[],"price":[],"jnews_override_counter":[],"jnews_post_split":[],"footnotes":""},"categories":[21],"tags":[],"class_list":["post-12004","post","type-post","status-publish","format-standard","has-post-thumbnail","hentry","category-nacional"],"jetpack_featured_media_url":"https:\/\/laserenaradio.cl\/web\/wp-content\/uploads\/2025\/02\/homepiaiextractoscrapimg_webpaguaniebla_0.webp","jetpack_sharing_enabled":true,"_links":{"self":[{"href":"https:\/\/laserenaradio.cl\/web\/wp-json\/wp\/v2\/posts\/12004","targetHints":{"allow":["GET"]}}],"collection":[{"href":"https:\/\/laserenaradio.cl\/web\/wp-json\/wp\/v2\/posts"}],"about":[{"href":"https:\/\/laserenaradio.cl\/web\/wp-json\/wp\/v2\/types\/post"}],"author":[{"embeddable":true,"href":"https:\/\/laserenaradio.cl\/web\/wp-json\/wp\/v2\/users\/2"}],"replies":[{"embeddable":true,"href":"https:\/\/laserenaradio.cl\/web\/wp-json\/wp\/v2\/comments?post=12004"}],"version-history":[{"count":1,"href":"https:\/\/laserenaradio.cl\/web\/wp-json\/wp\/v2\/posts\/12004\/revisions"}],"predecessor-version":[{"id":12005,"href":"https:\/\/laserenaradio.cl\/web\/wp-json\/wp\/v2\/posts\/12004\/revisions\/12005"}],"wp:featuredmedia":[{"embeddable":true,"href":"https:\/\/laserenaradio.cl\/web\/wp-json\/wp\/v2\/media\/12003"}],"wp:attachment":[{"href":"https:\/\/laserenaradio.cl\/web\/wp-json\/wp\/v2\/media?parent=12004"}],"wp:term":[{"taxonomy":"category","embeddable":true,"href":"https:\/\/laserenaradio.cl\/web\/wp-json\/wp\/v2\/categories?post=12004"},{"taxonomy":"post_tag","embeddable":true,"href":"https:\/\/laserenaradio.cl\/web\/wp-json\/wp\/v2\/tags?post=12004"}],"curies":[{"name":"wp","href":"https:\/\/api.w.org\/{rel}","templated":true}]}}