{"id":11998,"date":"2025-02-21T09:28:51","date_gmt":"2025-02-21T12:28:51","guid":{"rendered":"https:\/\/laserenaradio.cl\/web\/?p=11998"},"modified":"2025-02-21T09:28:51","modified_gmt":"2025-02-21T12:28:51","slug":"el-plan-de-universalizacion-de-la-atencion-primaria-de-salud-se-extiende-en-chile-llegando-a-28-comunas-con-nuevos-lugares-de-acceso-a-la-salud","status":"publish","type":"post","link":"https:\/\/laserenaradio.cl\/web\/2025\/02\/21\/el-plan-de-universalizacion-de-la-atencion-primaria-de-salud-se-extiende-en-chile-llegando-a-28-comunas-con-nuevos-lugares-de-acceso-a-la-salud\/","title":{"rendered":"El plan de universalizaci\u00f3n de la Atenci\u00f3n Primaria de Salud se extiende en Chile, llegando a 28 comunas con nuevos lugares de acceso a la salud."},"content":{"rendered":"<p><b>El Gobierno de Chile anunci\u00f3 que se incluir\u00e1 a 7 nuevas comunas en el plan de universalizaci\u00f3n de Atenci\u00f3n Primaria de Salud (APS) para 2025, sumando un total de 28 comunas<\/b><!--more-->.<\/p>\n<p>Esta estrategia permite que cualquier persona, sin importar su previsi\u00f3n de salud, acceda a servicios de salud primaria en centros como Cesfam, Cecosf y postas rurales.<\/p>\n<p>Medidas implementadas para mejorar la accesibilidad incluyen extensiones horarias, servicios m\u00f3viles y atenci\u00f3n remota.<\/p>\n","protected":false},"excerpt":{"rendered":"<p>El Gobierno de Chile anunci\u00f3 que se incluir\u00e1 a 7 nuevas comunas en el plan de universalizaci\u00f3n de Atenci\u00f3n Primaria de Salud (APS) para 2025, sumando un total de 28 comunas<\/p>\n","protected":false},"author":2,"featured_media":11997,"comment_status":"closed","ping_status":"open","sticky":false,"template":"","format":"standard","meta":{"_jetpack_memberships_contains_paid_content":false,"jnews-multi-image_gallery":[],"jnews_single_post":[],"jnews_primary_category":[],"jnews_social_meta":[],"jnews_paywall_metabox":[],"jnews_review":[],"enable_review":"","type":"","name":"","summary":"","brand":"","sku":"","good":[],"bad":[],"score_override":"","override_value":"","rating":[],"price":[],"jnews_override_counter":[],"jnews_post_split":[],"footnotes":""},"categories":[21],"tags":[],"class_list":["post-11998","post","type-post","status-publish","format-standard","has-post-thumbnail","hentry","category-nacional"],"jetpack_featured_media_url":"https:\/\/laserenaradio.cl\/web\/wp-content\/uploads\/2025\/02\/homepiaiextractoscrapimg_webpAtencionPrimaria_0.webp","jetpack_sharing_enabled":true,"_links":{"self":[{"href":"https:\/\/laserenaradio.cl\/web\/wp-json\/wp\/v2\/posts\/11998","targetHints":{"allow":["GET"]}}],"collection":[{"href":"https:\/\/laserenaradio.cl\/web\/wp-json\/wp\/v2\/posts"}],"about":[{"href":"https:\/\/laserenaradio.cl\/web\/wp-json\/wp\/v2\/types\/post"}],"author":[{"embeddable":true,"href":"https:\/\/laserenaradio.cl\/web\/wp-json\/wp\/v2\/users\/2"}],"replies":[{"embeddable":true,"href":"https:\/\/laserenaradio.cl\/web\/wp-json\/wp\/v2\/comments?post=11998"}],"version-history":[{"count":1,"href":"https:\/\/laserenaradio.cl\/web\/wp-json\/wp\/v2\/posts\/11998\/revisions"}],"predecessor-version":[{"id":11999,"href":"https:\/\/laserenaradio.cl\/web\/wp-json\/wp\/v2\/posts\/11998\/revisions\/11999"}],"wp:featuredmedia":[{"embeddable":true,"href":"https:\/\/laserenaradio.cl\/web\/wp-json\/wp\/v2\/media\/11997"}],"wp:attachment":[{"href":"https:\/\/laserenaradio.cl\/web\/wp-json\/wp\/v2\/media?parent=11998"}],"wp:term":[{"taxonomy":"category","embeddable":true,"href":"https:\/\/laserenaradio.cl\/web\/wp-json\/wp\/v2\/categories?post=11998"},{"taxonomy":"post_tag","embeddable":true,"href":"https:\/\/laserenaradio.cl\/web\/wp-json\/wp\/v2\/tags?post=11998"}],"curies":[{"name":"wp","href":"https:\/\/api.w.org\/{rel}","templated":true}]}}