{"id":11995,"date":"2025-02-21T09:27:06","date_gmt":"2025-02-21T12:27:06","guid":{"rendered":"https:\/\/laserenaradio.cl\/web\/?p=11995"},"modified":"2025-02-21T09:27:06","modified_gmt":"2025-02-21T12:27:06","slug":"el-ministerio-de-economia-lanza-el-plan-bicentenario-de-chiloe","status":"publish","type":"post","link":"https:\/\/laserenaradio.cl\/web\/2025\/02\/21\/el-ministerio-de-economia-lanza-el-plan-bicentenario-de-chiloe\/","title":{"rendered":"El Ministerio de Econom\u00eda lanza el Plan Bicentenario de Chilo\u00e9"},"content":{"rendered":"<p><b>El Ministro de Econom\u00eda, Fomento y Turismo, Nicol\u00e1s Grau, present\u00f3 el Plan Bicentenario de Chilo\u00e9 a la Asociaci\u00f3n de Municipios de la provincia<\/b><!--more-->.<\/p>\n<p>Este plan, con una inversi\u00f3n de $8 mil millones, busca impulsar el desarrollo local en Chilo\u00e9 mediante medidas para fomentar la pesca, el turismo y el desarrollo productivo.<\/p>\n<p>Se implementar\u00e1 a trav\u00e9s de 37 programas y comenzar\u00e1 este a\u00f1o con una inversi\u00f3n inicial de $2 mil millones, priorizando apoyos a la pesca artesanal.<\/p>\n<p>El plan fue resultado del trabajo conjunto entre los equipos ministeriales y las municipalidades chilotes durante 2024.<\/p>\n<p>La Asociaci\u00f3n de Municipios de Chilo\u00e9 y autoridades regionales destacaron la importancia de una coordinaci\u00f3n entre el sector p\u00fablico y privado para su \u00e9xito.<\/p>\n","protected":false},"excerpt":{"rendered":"<p>El Ministro de Econom\u00eda, Fomento y Turismo, Nicol\u00e1s Grau, present\u00f3 el Plan Bicentenario de Chilo\u00e9 a la Asociaci\u00f3n de Municipios de la provincia<\/p>\n","protected":false},"author":2,"featured_media":11994,"comment_status":"closed","ping_status":"open","sticky":false,"template":"","format":"standard","meta":{"_jetpack_memberships_contains_paid_content":false,"jnews-multi-image_gallery":[],"jnews_single_post":[],"jnews_primary_category":[],"jnews_social_meta":[],"jnews_paywall_metabox":[],"jnews_review":[],"enable_review":"","type":"","name":"","summary":"","brand":"","sku":"","good":[],"bad":[],"score_override":"","override_value":"","rating":[],"price":[],"jnews_override_counter":[],"jnews_post_split":[],"footnotes":""},"categories":[21],"tags":[],"class_list":["post-11995","post","type-post","status-publish","format-standard","has-post-thumbnail","hentry","category-nacional"],"jetpack_featured_media_url":"https:\/\/laserenaradio.cl\/web\/wp-content\/uploads\/2025\/02\/homepiaiextractoscrapimg_webpMinisterioEconomia_0.webp","jetpack_sharing_enabled":true,"_links":{"self":[{"href":"https:\/\/laserenaradio.cl\/web\/wp-json\/wp\/v2\/posts\/11995","targetHints":{"allow":["GET"]}}],"collection":[{"href":"https:\/\/laserenaradio.cl\/web\/wp-json\/wp\/v2\/posts"}],"about":[{"href":"https:\/\/laserenaradio.cl\/web\/wp-json\/wp\/v2\/types\/post"}],"author":[{"embeddable":true,"href":"https:\/\/laserenaradio.cl\/web\/wp-json\/wp\/v2\/users\/2"}],"replies":[{"embeddable":true,"href":"https:\/\/laserenaradio.cl\/web\/wp-json\/wp\/v2\/comments?post=11995"}],"version-history":[{"count":1,"href":"https:\/\/laserenaradio.cl\/web\/wp-json\/wp\/v2\/posts\/11995\/revisions"}],"predecessor-version":[{"id":11996,"href":"https:\/\/laserenaradio.cl\/web\/wp-json\/wp\/v2\/posts\/11995\/revisions\/11996"}],"wp:featuredmedia":[{"embeddable":true,"href":"https:\/\/laserenaradio.cl\/web\/wp-json\/wp\/v2\/media\/11994"}],"wp:attachment":[{"href":"https:\/\/laserenaradio.cl\/web\/wp-json\/wp\/v2\/media?parent=11995"}],"wp:term":[{"taxonomy":"category","embeddable":true,"href":"https:\/\/laserenaradio.cl\/web\/wp-json\/wp\/v2\/categories?post=11995"},{"taxonomy":"post_tag","embeddable":true,"href":"https:\/\/laserenaradio.cl\/web\/wp-json\/wp\/v2\/tags?post=11995"}],"curies":[{"name":"wp","href":"https:\/\/api.w.org\/{rel}","templated":true}]}}