{"id":11989,"date":"2025-02-21T09:20:55","date_gmt":"2025-02-21T12:20:55","guid":{"rendered":"https:\/\/laserenaradio.cl\/web\/?p=11989"},"modified":"2025-02-21T09:20:55","modified_gmt":"2025-02-21T12:20:55","slug":"las-isapres-pierden-afiliados-a-ritmo-acelerado-y-mas-de-medio-millon-deja-el-sistema-en-un-ano","status":"publish","type":"post","link":"https:\/\/laserenaradio.cl\/web\/2025\/02\/21\/las-isapres-pierden-afiliados-a-ritmo-acelerado-y-mas-de-medio-millon-deja-el-sistema-en-un-ano\/","title":{"rendered":"Las isapres pierden afiliados a ritmo acelerado y m\u00e1s de medio mill\u00f3n deja el sistema en un a\u00f1o"},"content":{"rendered":"<p><b>En los \u00faltimos cinco a\u00f1os, las isapres han perdido casi 800,000 afiliados, pasando a ser atendidos por el sistema p\u00fablico de salud (Fonasa)<\/b><!--more-->.<\/p>\n<p>A pesar de una leve estabilizaci\u00f3n en 2024, la p\u00e9rdida acumulada desde 2019 es del 23,5%.<\/p>\n<p>El superintendente de Salud atribuye esta situaci\u00f3n a las propias isapres y pide que mejoren su eficiencia.<\/p>\n<p>El exsuperintendente Manuel Inostroza advierte sobre el riesgo de quiebras en algunas compa\u00f1\u00edas si la tendencia contin\u00faa, mientras que otros expertos consideran necesario una reforma estructural del sistema p\u00fablico de salud.<\/p>\n","protected":false},"excerpt":{"rendered":"<p>En los \u00faltimos cinco a\u00f1os, las isapres han perdido casi 800,000 afiliados, pasando a ser atendidos por el sistema p\u00fablico de salud (Fonasa)<\/p>\n","protected":false},"author":2,"featured_media":11988,"comment_status":"closed","ping_status":"open","sticky":false,"template":"","format":"standard","meta":{"_jetpack_memberships_contains_paid_content":false,"jnews-multi-image_gallery":[],"jnews_single_post":[],"jnews_primary_category":[],"jnews_social_meta":[],"jnews_paywall_metabox":[],"jnews_review":[],"enable_review":"","type":"","name":"","summary":"","brand":"","sku":"","good":[],"bad":[],"score_override":"","override_value":"","rating":[],"price":[],"jnews_override_counter":[],"jnews_post_split":[],"footnotes":""},"categories":[21],"tags":[],"class_list":["post-11989","post","type-post","status-publish","format-standard","has-post-thumbnail","hentry","category-nacional"],"jetpack_featured_media_url":"https:\/\/laserenaradio.cl\/web\/wp-content\/uploads\/2025\/02\/homepiaiextractoscrapimg_webpisapressistema_1.webp","jetpack_sharing_enabled":true,"_links":{"self":[{"href":"https:\/\/laserenaradio.cl\/web\/wp-json\/wp\/v2\/posts\/11989","targetHints":{"allow":["GET"]}}],"collection":[{"href":"https:\/\/laserenaradio.cl\/web\/wp-json\/wp\/v2\/posts"}],"about":[{"href":"https:\/\/laserenaradio.cl\/web\/wp-json\/wp\/v2\/types\/post"}],"author":[{"embeddable":true,"href":"https:\/\/laserenaradio.cl\/web\/wp-json\/wp\/v2\/users\/2"}],"replies":[{"embeddable":true,"href":"https:\/\/laserenaradio.cl\/web\/wp-json\/wp\/v2\/comments?post=11989"}],"version-history":[{"count":1,"href":"https:\/\/laserenaradio.cl\/web\/wp-json\/wp\/v2\/posts\/11989\/revisions"}],"predecessor-version":[{"id":11990,"href":"https:\/\/laserenaradio.cl\/web\/wp-json\/wp\/v2\/posts\/11989\/revisions\/11990"}],"wp:featuredmedia":[{"embeddable":true,"href":"https:\/\/laserenaradio.cl\/web\/wp-json\/wp\/v2\/media\/11988"}],"wp:attachment":[{"href":"https:\/\/laserenaradio.cl\/web\/wp-json\/wp\/v2\/media?parent=11989"}],"wp:term":[{"taxonomy":"category","embeddable":true,"href":"https:\/\/laserenaradio.cl\/web\/wp-json\/wp\/v2\/categories?post=11989"},{"taxonomy":"post_tag","embeddable":true,"href":"https:\/\/laserenaradio.cl\/web\/wp-json\/wp\/v2\/tags?post=11989"}],"curies":[{"name":"wp","href":"https:\/\/api.w.org\/{rel}","templated":true}]}}