{"id":11978,"date":"2025-02-20T22:05:15","date_gmt":"2025-02-21T01:05:15","guid":{"rendered":"https:\/\/laserenaradio.cl\/web\/?p=11978"},"modified":"2025-02-20T23:35:17","modified_gmt":"2025-02-21T02:35:17","slug":"la-nueva-camiseta-de-cruzados-no-es-bien-vista-por-sus-seguidores","status":"publish","type":"post","link":"https:\/\/laserenaradio.cl\/web\/2025\/02\/20\/la-nueva-camiseta-de-cruzados-no-es-bien-vista-por-sus-seguidores\/","title":{"rendered":"La nueva camiseta de Cruzados no es bien vista por sus seguidores"},"content":{"rendered":"\n<p><b>La Universidad Cat\u00f3lica present\u00f3 su tercera camiseta para la temporada actual, con un dise\u00f1o azul y rojo que incluye patrones geom\u00e9tricos<\/b><\/p>\n\n\n\n<!--more-->\n\n\n\n<p>.<\/p>\n\n\n\n<p>El equipo recibi\u00f3 cr\u00edticas del p\u00fablico, con comentarios variados desde elogios hasta duras criticas.<\/p>\n\n\n\n<p>Este uniforme se utilizar\u00e1 principalmente en partidos de visita, como en Copa Chile y la Copa Sudamericana si superan a Palestino en la fase 1.<\/p>\n\n\n\n<figure class=\"wp-block-embed is-type-rich is-provider-twitter wp-block-embed-twitter\"><div class=\"wp-block-embed__wrapper\">\n<blockquote class=\"twitter-tweet\" data-width=\"500\" data-dnt=\"true\"><p lang=\"es\" dir=\"ltr\">\u00a1Ya est\u00e1 aqu\u00ed! \ud83e\udd29 La tercera camiseta de <a href=\"https:\/\/twitter.com\/hashtag\/LosCruzados?src=hash&amp;ref_src=twsrc%5Etfw\">#LosCruzados<\/a> destaca en la cancha con un patr\u00f3n \u00fanico que conecta con los colores del escudo.<br><br>\u00a1S\u00e9 parte de esta nueva era! \u2728<br><br>\ud83d\udecd\ufe0f Ven por la tuya a <a href=\"https:\/\/t.co\/mrdnCXSzbE\">https:\/\/t.co\/mrdnCXSzbE<\/a> y <a href=\"https:\/\/twitter.com\/hashtag\/TiendaUC?src=hash&amp;ref_src=twsrc%5Etfw\">#TiendaUC<\/a> a partir de hoy. <a href=\"https:\/\/t.co\/5CRO8OyYSe\">pic.twitter.com\/5CRO8OyYSe<\/a><\/p>&mdash; Universidad Cat\u00f3lica (@Cruzados) <a href=\"https:\/\/twitter.com\/Cruzados\/status\/1892560017280139266?ref_src=twsrc%5Etfw\">February 20, 2025<\/a><\/blockquote><script async src=\"https:\/\/platform.twitter.com\/widgets.js\" charset=\"utf-8\"><\/script>\n<\/div><\/figure>\n","protected":false},"excerpt":{"rendered":"<p>La Universidad Cat\u00f3lica present\u00f3 su tercera camiseta para la temporada actual, con un dise\u00f1o azul y rojo que incluye patrones geom\u00e9tricos<\/p>\n","protected":false},"author":2,"featured_media":11977,"comment_status":"closed","ping_status":"open","sticky":false,"template":"","format":"standard","meta":{"_jetpack_memberships_contains_paid_content":false,"jnews-multi-image_gallery":[],"jnews_single_post":{"format":"standard"},"jnews_primary_category":[],"jnews_social_meta":[],"jnews_paywall_metabox":[],"jnews_review":[],"enable_review":"","type":"","name":"","summary":"","brand":"","sku":"","good":[],"bad":[],"score_override":"","override_value":"","rating":[],"price":[],"jnews_override_counter":[],"jnews_post_split":[],"footnotes":""},"categories":[84],"tags":[],"class_list":["post-11978","post","type-post","status-publish","format-standard","has-post-thumbnail","hentry","category-deportes"],"jetpack_featured_media_url":"https:\/\/laserenaradio.cl\/web\/wp-content\/uploads\/2025\/02\/homepiaiextractoscrapimg_webpCruzadoscamiseta_1.webp","jetpack_sharing_enabled":true,"_links":{"self":[{"href":"https:\/\/laserenaradio.cl\/web\/wp-json\/wp\/v2\/posts\/11978","targetHints":{"allow":["GET"]}}],"collection":[{"href":"https:\/\/laserenaradio.cl\/web\/wp-json\/wp\/v2\/posts"}],"about":[{"href":"https:\/\/laserenaradio.cl\/web\/wp-json\/wp\/v2\/types\/post"}],"author":[{"embeddable":true,"href":"https:\/\/laserenaradio.cl\/web\/wp-json\/wp\/v2\/users\/2"}],"replies":[{"embeddable":true,"href":"https:\/\/laserenaradio.cl\/web\/wp-json\/wp\/v2\/comments?post=11978"}],"version-history":[{"count":2,"href":"https:\/\/laserenaradio.cl\/web\/wp-json\/wp\/v2\/posts\/11978\/revisions"}],"predecessor-version":[{"id":11984,"href":"https:\/\/laserenaradio.cl\/web\/wp-json\/wp\/v2\/posts\/11978\/revisions\/11984"}],"wp:featuredmedia":[{"embeddable":true,"href":"https:\/\/laserenaradio.cl\/web\/wp-json\/wp\/v2\/media\/11977"}],"wp:attachment":[{"href":"https:\/\/laserenaradio.cl\/web\/wp-json\/wp\/v2\/media?parent=11978"}],"wp:term":[{"taxonomy":"category","embeddable":true,"href":"https:\/\/laserenaradio.cl\/web\/wp-json\/wp\/v2\/categories?post=11978"},{"taxonomy":"post_tag","embeddable":true,"href":"https:\/\/laserenaradio.cl\/web\/wp-json\/wp\/v2\/tags?post=11978"}],"curies":[{"name":"wp","href":"https:\/\/api.w.org\/{rel}","templated":true}]}}