{"id":11975,"date":"2025-02-20T20:42:10","date_gmt":"2025-02-20T23:42:10","guid":{"rendered":"https:\/\/laserenaradio.cl\/web\/?p=11975"},"modified":"2025-02-20T20:42:10","modified_gmt":"2025-02-20T23:42:10","slug":"la-defensa-de-catalina-perez-asegura-que-apelaran-ante-la-corte-suprema-tras-el-rechazo-del-desafuero","status":"publish","type":"post","link":"https:\/\/laserenaradio.cl\/web\/2025\/02\/20\/la-defensa-de-catalina-perez-asegura-que-apelaran-ante-la-corte-suprema-tras-el-rechazo-del-desafuero\/","title":{"rendered":"La defensa de Catalina P\u00e9rez asegura que apelar\u00e1n ante la Corte Suprema tras el rechazo del desafuero"},"content":{"rendered":"<p><b>La defensa de la diputada Catalina P\u00e9rez, liderada por Gonzalo Medina y Sebasti\u00e1n Dal Pozzo, ha presentado una apelaci\u00f3n ante la Corte Suprema contra la sentencia que permiti\u00f3 el desafuero de la parlamentaria<\/b><!--more-->.<\/p>\n<p>Seg\u00fan los abogados, el fallo no contaba con argumentos s\u00f3lidos para justificar su decisi\u00f3n.<\/p>\n<p>Argumentan que:<\/p>\n<p>&#8211; La investigaci\u00f3n del Ministerio P\u00fablico llevada a cabo durante m\u00e1s de un a\u00f1o y medio no revela participaci\u00f3n de P\u00e9rez en la adjudicaci\u00f3n de convenios suscritos en 2022.<br \/>\n&#8211; Mensajes de WhatsApp citados como evidencia fueron enviados despu\u00e9s de los hechos investigados.<br \/>\n&#8211; Cuentas bancarias y declaraciones de testigos indican que P\u00e9rez no recibi\u00f3 dinero ni particip\u00f3 en la asignaci\u00f3n de los convenios.<\/p>\n<p>Los abogados aseguran que la Corte Suprema ser\u00e1 informada para que revise estos argumentos, ya que consideran que no hay justificaci\u00f3n jur\u00eddica para el desafuero y conf\u00edan en revertir la sentencia.<\/p>\n","protected":false},"excerpt":{"rendered":"<p>La defensa de la diputada Catalina P\u00e9rez, liderada por Gonzalo Medina y Sebasti\u00e1n Dal Pozzo, ha presentado una apelaci\u00f3n ante la Corte Suprema contra la sentencia que permiti\u00f3 el desafuero de la parlamentaria<\/p>\n","protected":false},"author":2,"featured_media":11974,"comment_status":"closed","ping_status":"open","sticky":false,"template":"","format":"standard","meta":{"_jetpack_memberships_contains_paid_content":false,"jnews-multi-image_gallery":[],"jnews_single_post":[],"jnews_primary_category":[],"jnews_social_meta":[],"jnews_paywall_metabox":[],"jnews_review":[],"enable_review":"","type":"","name":"","summary":"","brand":"","sku":"","good":[],"bad":[],"score_override":"","override_value":"","rating":[],"price":[],"jnews_override_counter":[],"jnews_post_split":[],"footnotes":""},"categories":[83],"tags":[],"class_list":["post-11975","post","type-post","status-publish","format-standard","has-post-thumbnail","hentry","category-politica"],"jetpack_featured_media_url":"https:\/\/laserenaradio.cl\/web\/wp-content\/uploads\/2025\/02\/homepiaiextractoscrapimg_webpCorteSupremadesafuerodefensaCatalina_1.webp","jetpack_sharing_enabled":true,"_links":{"self":[{"href":"https:\/\/laserenaradio.cl\/web\/wp-json\/wp\/v2\/posts\/11975","targetHints":{"allow":["GET"]}}],"collection":[{"href":"https:\/\/laserenaradio.cl\/web\/wp-json\/wp\/v2\/posts"}],"about":[{"href":"https:\/\/laserenaradio.cl\/web\/wp-json\/wp\/v2\/types\/post"}],"author":[{"embeddable":true,"href":"https:\/\/laserenaradio.cl\/web\/wp-json\/wp\/v2\/users\/2"}],"replies":[{"embeddable":true,"href":"https:\/\/laserenaradio.cl\/web\/wp-json\/wp\/v2\/comments?post=11975"}],"version-history":[{"count":1,"href":"https:\/\/laserenaradio.cl\/web\/wp-json\/wp\/v2\/posts\/11975\/revisions"}],"predecessor-version":[{"id":11976,"href":"https:\/\/laserenaradio.cl\/web\/wp-json\/wp\/v2\/posts\/11975\/revisions\/11976"}],"wp:featuredmedia":[{"embeddable":true,"href":"https:\/\/laserenaradio.cl\/web\/wp-json\/wp\/v2\/media\/11974"}],"wp:attachment":[{"href":"https:\/\/laserenaradio.cl\/web\/wp-json\/wp\/v2\/media?parent=11975"}],"wp:term":[{"taxonomy":"category","embeddable":true,"href":"https:\/\/laserenaradio.cl\/web\/wp-json\/wp\/v2\/categories?post=11975"},{"taxonomy":"post_tag","embeddable":true,"href":"https:\/\/laserenaradio.cl\/web\/wp-json\/wp\/v2\/tags?post=11975"}],"curies":[{"name":"wp","href":"https:\/\/api.w.org\/{rel}","templated":true}]}}