{"id":11954,"date":"2025-02-20T17:03:37","date_gmt":"2025-02-20T20:03:37","guid":{"rendered":"https:\/\/laserenaradio.cl\/web\/?p=11954"},"modified":"2025-02-20T17:03:37","modified_gmt":"2025-02-20T20:03:37","slug":"sma-inicia-procedimiento-sancionatorio-contra-empresa-por-incumplimientos-ambientales","status":"publish","type":"post","link":"https:\/\/laserenaradio.cl\/web\/2025\/02\/20\/sma-inicia-procedimiento-sancionatorio-contra-empresa-por-incumplimientos-ambientales\/","title":{"rendered":"SMA inicia procedimiento sancionatorio contra empresa por incumplimientos ambientales"},"content":{"rendered":"<p><b>La <a href=\"http:\/\/www.sma.gob.cl\/\">Superintendencia del Medio Ambiente<\/a> (SMA) ha iniciado un procedimiento sancionatorio contra la empresa Agr\u00edcola AASA LTDA por incumplimientos en el proyecto &#8220;Ampliaci\u00f3n Plantel de Cerdos Le\u00f1adura&#8221;, ubicado en Nancagua, O&#8217;Higgins.<\/b><!--more-->.<\/p>\n<p>El origen de esta acci\u00f3n fue la constataci\u00f3n de 49 denuncias ciudadanas sobre malos olores y la observaci\u00f3n de que la empresa no ha retirado los lodos desde la laguna anaer\u00f3bica seg\u00fan lo estipulado.<\/p>\n<p>Adem\u00e1s, se evidenci\u00f3 una modificaci\u00f3n del sistema de tratamiento sin resoluci\u00f3n ambiental correspondiente.<\/p>\n<p>La SMA formul\u00f3 dos cargos: uno leve relacionado con el incumplimiento en la extracci\u00f3n de lodos y otro grave por las modificaciones no evaluadas ambientalmente que causaron impactos en aguas subterr\u00e1neas, suelo y aire.<\/p>\n<p>La empresa tiene 10 d\u00edas para presentar un programa de cumplimiento y 15 d\u00edas para formular sus descargos.<\/p>\n<p>En caso de no cumplir, la empresa podr\u00eda enfrentarse a una multa equivalente a m\u00e1s de $4.845 millones chilenos..<\/p>\n","protected":false},"excerpt":{"rendered":"<p>La Superintendencia del Medio Ambiente (SMA) ha iniciado un procedimiento sancionatorio contra la empresa Agr\u00edcola AASA LTDA por incumplimientos en el proyecto &#8220;Ampliaci\u00f3n Plantel de Cerdos Le\u00f1adura&#8221;, ubicado en Nancagua, O&#8217;Higgins.<\/p>\n","protected":false},"author":2,"featured_media":11953,"comment_status":"closed","ping_status":"open","sticky":false,"template":"","format":"standard","meta":{"_jetpack_memberships_contains_paid_content":false,"jnews-multi-image_gallery":[],"jnews_single_post":[],"jnews_primary_category":[],"jnews_social_meta":[],"jnews_paywall_metabox":[],"jnews_review":[],"enable_review":"","type":"","name":"","summary":"","brand":"","sku":"","good":[],"bad":[],"score_override":"","override_value":"","rating":[],"price":[],"jnews_override_counter":[],"jnews_post_split":[],"footnotes":""},"categories":[21],"tags":[],"class_list":["post-11954","post","type-post","status-publish","format-standard","has-post-thumbnail","hentry","category-nacional"],"jetpack_featured_media_url":"https:\/\/laserenaradio.cl\/web\/wp-content\/uploads\/2025\/02\/homepiaiextractoscrapimg_webpSMAempresa_1.webp","jetpack_sharing_enabled":true,"_links":{"self":[{"href":"https:\/\/laserenaradio.cl\/web\/wp-json\/wp\/v2\/posts\/11954","targetHints":{"allow":["GET"]}}],"collection":[{"href":"https:\/\/laserenaradio.cl\/web\/wp-json\/wp\/v2\/posts"}],"about":[{"href":"https:\/\/laserenaradio.cl\/web\/wp-json\/wp\/v2\/types\/post"}],"author":[{"embeddable":true,"href":"https:\/\/laserenaradio.cl\/web\/wp-json\/wp\/v2\/users\/2"}],"replies":[{"embeddable":true,"href":"https:\/\/laserenaradio.cl\/web\/wp-json\/wp\/v2\/comments?post=11954"}],"version-history":[{"count":1,"href":"https:\/\/laserenaradio.cl\/web\/wp-json\/wp\/v2\/posts\/11954\/revisions"}],"predecessor-version":[{"id":11955,"href":"https:\/\/laserenaradio.cl\/web\/wp-json\/wp\/v2\/posts\/11954\/revisions\/11955"}],"wp:featuredmedia":[{"embeddable":true,"href":"https:\/\/laserenaradio.cl\/web\/wp-json\/wp\/v2\/media\/11953"}],"wp:attachment":[{"href":"https:\/\/laserenaradio.cl\/web\/wp-json\/wp\/v2\/media?parent=11954"}],"wp:term":[{"taxonomy":"category","embeddable":true,"href":"https:\/\/laserenaradio.cl\/web\/wp-json\/wp\/v2\/categories?post=11954"},{"taxonomy":"post_tag","embeddable":true,"href":"https:\/\/laserenaradio.cl\/web\/wp-json\/wp\/v2\/tags?post=11954"}],"curies":[{"name":"wp","href":"https:\/\/api.w.org\/{rel}","templated":true}]}}