{"id":11948,"date":"2025-02-20T11:15:43","date_gmt":"2025-02-20T14:15:43","guid":{"rendered":"https:\/\/laserenaradio.cl\/web\/?p=11948"},"modified":"2025-02-20T11:15:43","modified_gmt":"2025-02-20T14:15:43","slug":"un-pequeno-boliviano-es-hallado-vivo-despues-de-estar-desaparecido-mas-de-10-horas-en-pozo-almonte","status":"publish","type":"post","link":"https:\/\/laserenaradio.cl\/web\/2025\/02\/20\/un-pequeno-boliviano-es-hallado-vivo-despues-de-estar-desaparecido-mas-de-10-horas-en-pozo-almonte\/","title":{"rendered":"Un peque\u00f1o boliviano es hallado vivo despu\u00e9s de estar desaparecido m\u00e1s de 10 horas en Pozo Almonte"},"content":{"rendered":"<p><b>Un ni\u00f1o de 2 a\u00f1os, de nacionalidad boliviana, desaparecido desde la ma\u00f1ana del mi\u00e9rcoles en el sector Bellavista, cerca de Victoria, Pozo Almonte (Tarapac\u00e1), fue encontrado con vida tras una b\u00fasqueda prolongada de m\u00e1s de 10 horas<\/b><!--more-->.<\/p>\n<p>La operaci\u00f3n involucr\u00f3 a personal de carabineros y voluntarios de bomberos de varias localidades, as\u00ed como equipos especializados de drones y c\u00e1maras t\u00e9rmicas.<\/p>\n","protected":false},"excerpt":{"rendered":"<p>Un ni\u00f1o de 2 a\u00f1os, de nacionalidad boliviana, desaparecido desde la ma\u00f1ana del mi\u00e9rcoles en el sector Bellavista, cerca de Victoria, Pozo Almonte (Tarapac\u00e1), fue encontrado con vida tras una b\u00fasqueda prolongada de m\u00e1s de 10 horas<\/p>\n","protected":false},"author":2,"featured_media":11947,"comment_status":"closed","ping_status":"open","sticky":false,"template":"","format":"standard","meta":{"_jetpack_memberships_contains_paid_content":false,"jnews-multi-image_gallery":[],"jnews_single_post":[],"jnews_primary_category":[],"jnews_social_meta":[],"jnews_paywall_metabox":[],"jnews_review":[],"enable_review":"","type":"","name":"","summary":"","brand":"","sku":"","good":[],"bad":[],"score_override":"","override_value":"","rating":[],"price":[],"jnews_override_counter":[],"jnews_post_split":[],"footnotes":""},"categories":[21],"tags":[],"class_list":["post-11948","post","type-post","status-publish","format-standard","has-post-thumbnail","hentry","category-nacional"],"jetpack_featured_media_url":"https:\/\/laserenaradio.cl\/web\/wp-content\/uploads\/2025\/02\/homepiaiextractoscrapimg_webpPozoAlmonte_1.webp","jetpack_sharing_enabled":true,"_links":{"self":[{"href":"https:\/\/laserenaradio.cl\/web\/wp-json\/wp\/v2\/posts\/11948","targetHints":{"allow":["GET"]}}],"collection":[{"href":"https:\/\/laserenaradio.cl\/web\/wp-json\/wp\/v2\/posts"}],"about":[{"href":"https:\/\/laserenaradio.cl\/web\/wp-json\/wp\/v2\/types\/post"}],"author":[{"embeddable":true,"href":"https:\/\/laserenaradio.cl\/web\/wp-json\/wp\/v2\/users\/2"}],"replies":[{"embeddable":true,"href":"https:\/\/laserenaradio.cl\/web\/wp-json\/wp\/v2\/comments?post=11948"}],"version-history":[{"count":1,"href":"https:\/\/laserenaradio.cl\/web\/wp-json\/wp\/v2\/posts\/11948\/revisions"}],"predecessor-version":[{"id":11949,"href":"https:\/\/laserenaradio.cl\/web\/wp-json\/wp\/v2\/posts\/11948\/revisions\/11949"}],"wp:featuredmedia":[{"embeddable":true,"href":"https:\/\/laserenaradio.cl\/web\/wp-json\/wp\/v2\/media\/11947"}],"wp:attachment":[{"href":"https:\/\/laserenaradio.cl\/web\/wp-json\/wp\/v2\/media?parent=11948"}],"wp:term":[{"taxonomy":"category","embeddable":true,"href":"https:\/\/laserenaradio.cl\/web\/wp-json\/wp\/v2\/categories?post=11948"},{"taxonomy":"post_tag","embeddable":true,"href":"https:\/\/laserenaradio.cl\/web\/wp-json\/wp\/v2\/tags?post=11948"}],"curies":[{"name":"wp","href":"https:\/\/api.w.org\/{rel}","templated":true}]}}