{"id":11944,"date":"2025-02-20T11:11:42","date_gmt":"2025-02-20T14:11:42","guid":{"rendered":"https:\/\/laserenaradio.cl\/web\/?p=11944"},"modified":"2025-02-20T11:13:18","modified_gmt":"2025-02-20T14:13:18","slug":"inter-de-miami-gano-bajo-temperaturas-extremas-gracias-a-gol-de-lionel-messi","status":"publish","type":"post","link":"https:\/\/laserenaradio.cl\/web\/2025\/02\/20\/inter-de-miami-gano-bajo-temperaturas-extremas-gracias-a-gol-de-lionel-messi\/","title":{"rendered":"Inter de Miami gan\u00f3 bajo temperaturas extremas gracias a gol de Lionel Messi"},"content":{"rendered":"\n<p><b>El Inter Miami, dirigido por Javier Mascherano, gan\u00f3 0-1 al Sporting Kansas City en la primera ronda de la Concachampions gracias a un gol de Lionel Messi<\/b><\/p>\n\n\n\n<!--more-->\n\n\n\n<p>.<\/p>\n\n\n\n<p>El partido se disput\u00f3 en condiciones meteorol\u00f3gicas extremas (-21 grados sensaci\u00f3n t\u00e9rmica), lo que afect\u00f3 negativamente el desempe\u00f1o de los jugadores.<\/p>\n\n\n\n<p>Messi anot\u00f3 su primer gol del a\u00f1o.<\/p>\n\n\n\n<p>La vuelta est\u00e1 programada para el pr\u00f3ximo martes con mejores condiciones clim\u00e1ticas en el estadio del Inter Miami..<\/p>\n\n\n\n<figure class=\"wp-block-embed is-type-rich is-provider-twitter wp-block-embed-twitter\"><div class=\"wp-block-embed__wrapper\">\n<blockquote class=\"twitter-tweet\" data-width=\"500\" data-dnt=\"true\"><p lang=\"es\" dir=\"ltr\">\u00a1\u00a1GOLAZO DE DERECHA DE LEO MESSI EN LA CONCACAF CHAMPIONS CUP!!<br><br>\ud83d\udcfa Mir\u00e1 TODA la CONCACAF Champions Cup por <a href=\"https:\/\/twitter.com\/hashtag\/DisneyPlus?src=hash&amp;ref_src=twsrc%5Etfw\">#DisneyPlus<\/a> Premium <a href=\"https:\/\/t.co\/hB4ZjlGUL8\">pic.twitter.com\/hB4ZjlGUL8<\/a><\/p>&mdash; SportsCenter (@SC_ESPN) <a href=\"https:\/\/twitter.com\/SC_ESPN\/status\/1892399382357561734?ref_src=twsrc%5Etfw\">February 20, 2025<\/a><\/blockquote><script async src=\"https:\/\/platform.twitter.com\/widgets.js\" charset=\"utf-8\"><\/script>\n<\/div><\/figure>\n","protected":false},"excerpt":{"rendered":"<p>El Inter Miami, dirigido por Javier Mascherano, gan\u00f3 0-1 al Sporting Kansas City en la primera ronda de la Concachampions gracias a un gol de Lionel Messi<\/p>\n","protected":false},"author":2,"featured_media":11943,"comment_status":"closed","ping_status":"open","sticky":false,"template":"","format":"standard","meta":{"_jetpack_memberships_contains_paid_content":false,"jnews-multi-image_gallery":[],"jnews_single_post":{"format":"standard"},"jnews_primary_category":[],"jnews_social_meta":[],"jnews_paywall_metabox":[],"jnews_review":[],"enable_review":"","type":"","name":"","summary":"","brand":"","sku":"","good":[],"bad":[],"score_override":"","override_value":"","rating":[],"price":[],"jnews_override_counter":[],"jnews_post_split":[],"footnotes":""},"categories":[84],"tags":[],"class_list":["post-11944","post","type-post","status-publish","format-standard","has-post-thumbnail","hentry","category-deportes"],"jetpack_featured_media_url":"https:\/\/laserenaradio.cl\/web\/wp-content\/uploads\/2025\/02\/homepiaiextractoscrapimg_webpgolLionelMessicondicionesInterMiami_1.webp","jetpack_sharing_enabled":true,"_links":{"self":[{"href":"https:\/\/laserenaradio.cl\/web\/wp-json\/wp\/v2\/posts\/11944","targetHints":{"allow":["GET"]}}],"collection":[{"href":"https:\/\/laserenaradio.cl\/web\/wp-json\/wp\/v2\/posts"}],"about":[{"href":"https:\/\/laserenaradio.cl\/web\/wp-json\/wp\/v2\/types\/post"}],"author":[{"embeddable":true,"href":"https:\/\/laserenaradio.cl\/web\/wp-json\/wp\/v2\/users\/2"}],"replies":[{"embeddable":true,"href":"https:\/\/laserenaradio.cl\/web\/wp-json\/wp\/v2\/comments?post=11944"}],"version-history":[{"count":2,"href":"https:\/\/laserenaradio.cl\/web\/wp-json\/wp\/v2\/posts\/11944\/revisions"}],"predecessor-version":[{"id":11946,"href":"https:\/\/laserenaradio.cl\/web\/wp-json\/wp\/v2\/posts\/11944\/revisions\/11946"}],"wp:featuredmedia":[{"embeddable":true,"href":"https:\/\/laserenaradio.cl\/web\/wp-json\/wp\/v2\/media\/11943"}],"wp:attachment":[{"href":"https:\/\/laserenaradio.cl\/web\/wp-json\/wp\/v2\/media?parent=11944"}],"wp:term":[{"taxonomy":"category","embeddable":true,"href":"https:\/\/laserenaradio.cl\/web\/wp-json\/wp\/v2\/categories?post=11944"},{"taxonomy":"post_tag","embeddable":true,"href":"https:\/\/laserenaradio.cl\/web\/wp-json\/wp\/v2\/tags?post=11944"}],"curies":[{"name":"wp","href":"https:\/\/api.w.org\/{rel}","templated":true}]}}