{"id":11938,"date":"2025-02-20T11:04:55","date_gmt":"2025-02-20T14:04:55","guid":{"rendered":"https:\/\/laserenaradio.cl\/web\/?p=11938"},"modified":"2025-02-20T11:04:55","modified_gmt":"2025-02-20T14:04:55","slug":"el-plan-piloto-para-uso-de-taser-por-carabineros-criticas-de-un-exsubsecretario-del-interior","status":"publish","type":"post","link":"https:\/\/laserenaradio.cl\/web\/2025\/02\/20\/el-plan-piloto-para-uso-de-taser-por-carabineros-criticas-de-un-exsubsecretario-del-interior\/","title":{"rendered":"El plan piloto para uso de taser por carabineros: cr\u00edticas de un exsubsecretario del Interior"},"content":{"rendered":"<p><b>Felipe Harboe, exsubsecretario del Interior, critic\u00f3 el plan piloto que permitir\u00e1 a la polic\u00eda usar pistolas taser para procedimientos de violencia intrafamiliar, consider\u00e1ndolo &#8220;tard\u00edo e insuficiente&#8221;<\/b><!--more-->.<\/p>\n<p>Seg\u00fan Harboe, este tipo de herramienta deber\u00eda estar disponible en situaciones m\u00e1s amplias y no solo limitado a casos de violencia intrafamiliar.<\/p>\n<p>\u00c9l sugiere que la medida actual es insuficiente dado que ha estado en fase de plan piloto durante 22 a\u00f1os.<\/p>\n<p>Harboe tambi\u00e9n sostuvo que las taser son \u00fatiles para inmovilizar personas sin causar da\u00f1o permanente, y que Chile necesita un avance m\u00e1s r\u00e1pido en materia de seguridad.<\/p>\n","protected":false},"excerpt":{"rendered":"<p>Felipe Harboe, exsubsecretario del Interior, critic\u00f3 el plan piloto que permitir\u00e1 a la polic\u00eda usar pistolas taser para procedimientos de violencia intrafamiliar, consider\u00e1ndolo &#8220;tard\u00edo e insuficiente&#8221;<\/p>\n","protected":false},"author":2,"featured_media":11937,"comment_status":"closed","ping_status":"open","sticky":false,"template":"","format":"standard","meta":{"_jetpack_memberships_contains_paid_content":false,"jnews-multi-image_gallery":[],"jnews_single_post":[],"jnews_primary_category":[],"jnews_social_meta":[],"jnews_paywall_metabox":[],"jnews_review":[],"enable_review":"","type":"","name":"","summary":"","brand":"","sku":"","good":[],"bad":[],"score_override":"","override_value":"","rating":[],"price":[],"jnews_override_counter":[],"jnews_post_split":[],"footnotes":""},"categories":[21],"tags":[],"class_list":["post-11938","post","type-post","status-publish","format-standard","has-post-thumbnail","hentry","category-nacional"],"jetpack_featured_media_url":"https:\/\/laserenaradio.cl\/web\/wp-content\/uploads\/2025\/02\/homepiaiextractoscrapimg_webppilototaserexsubsecretario_1.webp","jetpack_sharing_enabled":true,"_links":{"self":[{"href":"https:\/\/laserenaradio.cl\/web\/wp-json\/wp\/v2\/posts\/11938","targetHints":{"allow":["GET"]}}],"collection":[{"href":"https:\/\/laserenaradio.cl\/web\/wp-json\/wp\/v2\/posts"}],"about":[{"href":"https:\/\/laserenaradio.cl\/web\/wp-json\/wp\/v2\/types\/post"}],"author":[{"embeddable":true,"href":"https:\/\/laserenaradio.cl\/web\/wp-json\/wp\/v2\/users\/2"}],"replies":[{"embeddable":true,"href":"https:\/\/laserenaradio.cl\/web\/wp-json\/wp\/v2\/comments?post=11938"}],"version-history":[{"count":1,"href":"https:\/\/laserenaradio.cl\/web\/wp-json\/wp\/v2\/posts\/11938\/revisions"}],"predecessor-version":[{"id":11939,"href":"https:\/\/laserenaradio.cl\/web\/wp-json\/wp\/v2\/posts\/11938\/revisions\/11939"}],"wp:featuredmedia":[{"embeddable":true,"href":"https:\/\/laserenaradio.cl\/web\/wp-json\/wp\/v2\/media\/11937"}],"wp:attachment":[{"href":"https:\/\/laserenaradio.cl\/web\/wp-json\/wp\/v2\/media?parent=11938"}],"wp:term":[{"taxonomy":"category","embeddable":true,"href":"https:\/\/laserenaradio.cl\/web\/wp-json\/wp\/v2\/categories?post=11938"},{"taxonomy":"post_tag","embeddable":true,"href":"https:\/\/laserenaradio.cl\/web\/wp-json\/wp\/v2\/tags?post=11938"}],"curies":[{"name":"wp","href":"https:\/\/api.w.org\/{rel}","templated":true}]}}