{"id":11923,"date":"2025-02-19T23:04:13","date_gmt":"2025-02-20T02:04:13","guid":{"rendered":"https:\/\/laserenaradio.cl\/web\/?p=11923"},"modified":"2025-02-19T23:04:13","modified_gmt":"2025-02-20T02:04:13","slug":"la-derecha-se-prepara-para-enfrentar-una-eventual-candidatura-presidencial-de-michelle-bachelet","status":"publish","type":"post","link":"https:\/\/laserenaradio.cl\/web\/2025\/02\/19\/la-derecha-se-prepara-para-enfrentar-una-eventual-candidatura-presidencial-de-michelle-bachelet\/","title":{"rendered":"La derecha se prepara para enfrentar una eventual candidatura presidencial de Michelle Bachelet"},"content":{"rendered":"<p><b>Chile Vamos y la oposici\u00f3n evaluaron una posible candidatura presidencial de Michelle Bachelet, quien podr\u00eda ser una competencia dif\u00edcil debido a su experiencia electoral.<\/b><!--more--><\/p>\n<p>En caso de que se postule, la derecha plantea cr\u00edticas a su gesti\u00f3n en \u00e1reas como salud, educaci\u00f3n, econom\u00eda y pol\u00edtica general.<\/p>\n<p>El sector pol\u00edtico enfatiza la necesidad de competir un\u00edsono para derrotar a Bachelet.<\/p>\n<p>Jos\u00e9 Antonio Kast, del Partido Republicano, ya ha lanzado cr\u00edticas espec\u00edficas contra su gesti\u00f3n.<\/p>\n<p>Esta situaci\u00f3n gener\u00f3 debate tanto en el oficialismo como en la oposici\u00f3n chilena.<\/p>\n","protected":false},"excerpt":{"rendered":"<p>Chile Vamos y la oposici\u00f3n evaluaron una posible candidatura presidencial de Michelle Bachelet, quien podr\u00eda ser una competencia dif\u00edcil debido a su experiencia electoral.<\/p>\n","protected":false},"author":2,"featured_media":11922,"comment_status":"closed","ping_status":"open","sticky":false,"template":"","format":"standard","meta":{"_jetpack_memberships_contains_paid_content":false,"jnews-multi-image_gallery":[],"jnews_single_post":[],"jnews_primary_category":[],"jnews_social_meta":[],"jnews_paywall_metabox":[],"jnews_review":[],"enable_review":"","type":"","name":"","summary":"","brand":"","sku":"","good":[],"bad":[],"score_override":"","override_value":"","rating":[],"price":[],"jnews_override_counter":[],"jnews_post_split":[],"footnotes":""},"categories":[83],"tags":[],"class_list":["post-11923","post","type-post","status-publish","format-standard","has-post-thumbnail","hentry","category-politica"],"jetpack_featured_media_url":"https:\/\/laserenaradio.cl\/web\/wp-content\/uploads\/2025\/02\/homepiaiextractoscrapimg_webpcandidaturapresidencialMichelleBacheletderecha_0.webp","jetpack_sharing_enabled":true,"_links":{"self":[{"href":"https:\/\/laserenaradio.cl\/web\/wp-json\/wp\/v2\/posts\/11923","targetHints":{"allow":["GET"]}}],"collection":[{"href":"https:\/\/laserenaradio.cl\/web\/wp-json\/wp\/v2\/posts"}],"about":[{"href":"https:\/\/laserenaradio.cl\/web\/wp-json\/wp\/v2\/types\/post"}],"author":[{"embeddable":true,"href":"https:\/\/laserenaradio.cl\/web\/wp-json\/wp\/v2\/users\/2"}],"replies":[{"embeddable":true,"href":"https:\/\/laserenaradio.cl\/web\/wp-json\/wp\/v2\/comments?post=11923"}],"version-history":[{"count":1,"href":"https:\/\/laserenaradio.cl\/web\/wp-json\/wp\/v2\/posts\/11923\/revisions"}],"predecessor-version":[{"id":11924,"href":"https:\/\/laserenaradio.cl\/web\/wp-json\/wp\/v2\/posts\/11923\/revisions\/11924"}],"wp:featuredmedia":[{"embeddable":true,"href":"https:\/\/laserenaradio.cl\/web\/wp-json\/wp\/v2\/media\/11922"}],"wp:attachment":[{"href":"https:\/\/laserenaradio.cl\/web\/wp-json\/wp\/v2\/media?parent=11923"}],"wp:term":[{"taxonomy":"category","embeddable":true,"href":"https:\/\/laserenaradio.cl\/web\/wp-json\/wp\/v2\/categories?post=11923"},{"taxonomy":"post_tag","embeddable":true,"href":"https:\/\/laserenaradio.cl\/web\/wp-json\/wp\/v2\/tags?post=11923"}],"curies":[{"name":"wp","href":"https:\/\/api.w.org\/{rel}","templated":true}]}}