{"id":11917,"date":"2025-02-19T22:19:45","date_gmt":"2025-02-20T01:19:45","guid":{"rendered":"https:\/\/laserenaradio.cl\/web\/?p=11917"},"modified":"2025-02-19T22:19:45","modified_gmt":"2025-02-20T01:19:45","slug":"el-criptogate-argentino-suma-nuevas-aristas-se-vincula-al-mandatario-javier-milei-con-un-dirigente-de-la-fundacion-faro-en-argentina","status":"publish","type":"post","link":"https:\/\/laserenaradio.cl\/web\/2025\/02\/19\/el-criptogate-argentino-suma-nuevas-aristas-se-vincula-al-mandatario-javier-milei-con-un-dirigente-de-la-fundacion-faro-en-argentina\/","title":{"rendered":"El &#8216;criptogate&#8217; argentino suma nuevas aristas: Se vincula al mandatario Javier Milei con un dirigente de la Fundaci\u00f3n Faro en Argentina"},"content":{"rendered":"<p><b>El esc\u00e1ndalo conocido como &#8220;criptogate&#8221; en Argentina contin\u00faa generando pol\u00e9mica<\/b><!--more-->.<\/p>\n<p>Javier Milei, presidente argentino, difundi\u00f3 un tuit sobre la criptomoneda $LIBRA, apuntando a incentivar el crecimiento econ\u00f3mico, pero lo elimin\u00f3 r\u00e1pidamente despu\u00e9s de que miles de personas invirtieran US$100 millones en ella, cuyo valor se desplom\u00f3.<\/p>\n<p>La publicaci\u00f3n ha provocado acusaciones de sobornos y fraude.<\/p>\n<p>Milei y el co-creador de $LIBRA, Davis, habr\u00edan estado conectados a trav\u00e9s de Mauricio Novelli, quien organiza el Tech Forum.<\/p>\n<p>Agust\u00edn Laje, jefe de la Fundaci\u00f3n Faro, fue se\u00f1alado por la prensa argentina como el intermediario entre Milei y Novelli.<\/p>\n<p>Axel Kaiser, abogado chileno y subdirector de la Fundaci\u00f3n Faro, neg\u00f3 tener conocimiento previo sobre estos contactos.<\/p>\n<p>La Fundaci\u00f3n Faro asegura que no tiene v\u00ednculos con $LIBRA.<\/p>\n<p>CIPER, un medio chileno, inform\u00f3 que Kaiser desconoc\u00eda a Novelli y Laje hasta el momento del esc\u00e1ndalo.<\/p>\n<p>Mientras tanto, la situaci\u00f3n legal sigue abierta, ya que el fraude potencial debe ser probado en tribunales.<\/p>\n","protected":false},"excerpt":{"rendered":"<p>El esc\u00e1ndalo conocido como &#8220;criptogate&#8221; en Argentina contin\u00faa generando pol\u00e9mica<\/p>\n","protected":false},"author":2,"featured_media":11916,"comment_status":"closed","ping_status":"open","sticky":false,"template":"","format":"standard","meta":{"_jetpack_memberships_contains_paid_content":false,"jnews-multi-image_gallery":[],"jnews_single_post":[],"jnews_primary_category":[],"jnews_social_meta":[],"jnews_paywall_metabox":[],"jnews_review":[],"enable_review":"","type":"","name":"","summary":"","brand":"","sku":"","good":[],"bad":[],"score_override":"","override_value":"","rating":[],"price":[],"jnews_override_counter":[],"jnews_post_split":[],"footnotes":""},"categories":[85],"tags":[],"class_list":["post-11917","post","type-post","status-publish","format-standard","has-post-thumbnail","hentry","category-economia"],"jetpack_featured_media_url":"https:\/\/laserenaradio.cl\/web\/wp-content\/uploads\/2025\/02\/homepiaiextractoscrapimg_webpFarocriptogateArgentinaJavierMilei_0.webp","jetpack_sharing_enabled":true,"_links":{"self":[{"href":"https:\/\/laserenaradio.cl\/web\/wp-json\/wp\/v2\/posts\/11917","targetHints":{"allow":["GET"]}}],"collection":[{"href":"https:\/\/laserenaradio.cl\/web\/wp-json\/wp\/v2\/posts"}],"about":[{"href":"https:\/\/laserenaradio.cl\/web\/wp-json\/wp\/v2\/types\/post"}],"author":[{"embeddable":true,"href":"https:\/\/laserenaradio.cl\/web\/wp-json\/wp\/v2\/users\/2"}],"replies":[{"embeddable":true,"href":"https:\/\/laserenaradio.cl\/web\/wp-json\/wp\/v2\/comments?post=11917"}],"version-history":[{"count":1,"href":"https:\/\/laserenaradio.cl\/web\/wp-json\/wp\/v2\/posts\/11917\/revisions"}],"predecessor-version":[{"id":11918,"href":"https:\/\/laserenaradio.cl\/web\/wp-json\/wp\/v2\/posts\/11917\/revisions\/11918"}],"wp:featuredmedia":[{"embeddable":true,"href":"https:\/\/laserenaradio.cl\/web\/wp-json\/wp\/v2\/media\/11916"}],"wp:attachment":[{"href":"https:\/\/laserenaradio.cl\/web\/wp-json\/wp\/v2\/media?parent=11917"}],"wp:term":[{"taxonomy":"category","embeddable":true,"href":"https:\/\/laserenaradio.cl\/web\/wp-json\/wp\/v2\/categories?post=11917"},{"taxonomy":"post_tag","embeddable":true,"href":"https:\/\/laserenaradio.cl\/web\/wp-json\/wp\/v2\/tags?post=11917"}],"curies":[{"name":"wp","href":"https:\/\/api.w.org\/{rel}","templated":true}]}}