{"id":11911,"date":"2025-02-19T22:08:52","date_gmt":"2025-02-20T01:08:52","guid":{"rendered":"https:\/\/laserenaradio.cl\/web\/?p=11911"},"modified":"2025-02-19T22:08:52","modified_gmt":"2025-02-20T01:08:52","slug":"la-diputada-emilia-schneider-aboga-por-una-solucion-humanitaria-para-la-megatoma-de-san-antonio","status":"publish","type":"post","link":"https:\/\/laserenaradio.cl\/web\/2025\/02\/19\/la-diputada-emilia-schneider-aboga-por-una-solucion-humanitaria-para-la-megatoma-de-san-antonio\/","title":{"rendered":"La diputada Emilia Schneider aboga por una soluci\u00f3n humanitaria para la megatoma de San Antonio"},"content":{"rendered":"<p><b>La diputada del Frente Amplio Emilia Schneider abord\u00f3 el dictamen judicial para desalojar la megatoma de San Antonio, con 10 mil habitantes.<\/b><!--more--><\/p>\n<p>Se enfatiz\u00f3 la necesidad de una soluci\u00f3n humanitaria y la colaboraci\u00f3n entre actores involucrados.<\/p>\n<p>Schneider cuestion\u00f3 acusaciones de &#8220;falta de voluntad&#8221; del Gobierno, se\u00f1alando que las tomas surgen en tiempos de gobierno derechista.<\/p>\n<p>La legisladora calific\u00f3 los comentarios del diputado Eduardo Dur\u00e1n como &#8220;oportunismo tremendo&#8221;.<\/p>\n","protected":false},"excerpt":{"rendered":"<p>La diputada del Frente Amplio Emilia Schneider abord\u00f3 el dictamen judicial para desalojar la megatoma de San Antonio, con 10 mil habitantes.<\/p>\n","protected":false},"author":2,"featured_media":11910,"comment_status":"closed","ping_status":"open","sticky":false,"template":"","format":"standard","meta":{"_jetpack_memberships_contains_paid_content":false,"jnews-multi-image_gallery":[],"jnews_single_post":[],"jnews_primary_category":[],"jnews_social_meta":[],"jnews_paywall_metabox":[],"jnews_review":[],"enable_review":"","type":"","name":"","summary":"","brand":"","sku":"","good":[],"bad":[],"score_override":"","override_value":"","rating":[],"price":[],"jnews_override_counter":[],"jnews_post_split":[],"footnotes":""},"categories":[83],"tags":[],"class_list":["post-11911","post","type-post","status-publish","format-standard","has-post-thumbnail","hentry","category-politica"],"jetpack_featured_media_url":"https:\/\/laserenaradio.cl\/web\/wp-content\/uploads\/2025\/02\/homepiaiextractoscrapimg_webpEmiliaSchneider_1.webp","jetpack_sharing_enabled":true,"_links":{"self":[{"href":"https:\/\/laserenaradio.cl\/web\/wp-json\/wp\/v2\/posts\/11911","targetHints":{"allow":["GET"]}}],"collection":[{"href":"https:\/\/laserenaradio.cl\/web\/wp-json\/wp\/v2\/posts"}],"about":[{"href":"https:\/\/laserenaradio.cl\/web\/wp-json\/wp\/v2\/types\/post"}],"author":[{"embeddable":true,"href":"https:\/\/laserenaradio.cl\/web\/wp-json\/wp\/v2\/users\/2"}],"replies":[{"embeddable":true,"href":"https:\/\/laserenaradio.cl\/web\/wp-json\/wp\/v2\/comments?post=11911"}],"version-history":[{"count":1,"href":"https:\/\/laserenaradio.cl\/web\/wp-json\/wp\/v2\/posts\/11911\/revisions"}],"predecessor-version":[{"id":11912,"href":"https:\/\/laserenaradio.cl\/web\/wp-json\/wp\/v2\/posts\/11911\/revisions\/11912"}],"wp:featuredmedia":[{"embeddable":true,"href":"https:\/\/laserenaradio.cl\/web\/wp-json\/wp\/v2\/media\/11910"}],"wp:attachment":[{"href":"https:\/\/laserenaradio.cl\/web\/wp-json\/wp\/v2\/media?parent=11911"}],"wp:term":[{"taxonomy":"category","embeddable":true,"href":"https:\/\/laserenaradio.cl\/web\/wp-json\/wp\/v2\/categories?post=11911"},{"taxonomy":"post_tag","embeddable":true,"href":"https:\/\/laserenaradio.cl\/web\/wp-json\/wp\/v2\/tags?post=11911"}],"curies":[{"name":"wp","href":"https:\/\/api.w.org\/{rel}","templated":true}]}}