{"id":11908,"date":"2025-02-19T22:06:51","date_gmt":"2025-02-20T01:06:51","guid":{"rendered":"https:\/\/laserenaradio.cl\/web\/?p=11908"},"modified":"2025-02-19T22:06:51","modified_gmt":"2025-02-20T01:06:51","slug":"la-justicia-le-da-un-portazo-al-ministro-de-la-corte-de-apelaciones-de-santiago-por-delitos-de-corrupcion","status":"publish","type":"post","link":"https:\/\/laserenaradio.cl\/web\/2025\/02\/19\/la-justicia-le-da-un-portazo-al-ministro-de-la-corte-de-apelaciones-de-santiago-por-delitos-de-corrupcion\/","title":{"rendered":"La justicia le da un portazo al ministro de la Corte de Apelaciones de Santiago por delitos de corrupci\u00f3n."},"content":{"rendered":"<p><b>El ministro de la Corte de Apelaciones de Santiago, Antonio Ulloa M\u00e1rquez, recibi\u00f3 un rechazo judicial a su solicitud para declarar inadmisible una querella por corrupci\u00f3n presentada en su contra<\/b><!--more-->.<\/p>\n<p>La querella, propuesta por el juez Daniel Urrutia, sugiere que Ulloa cometi\u00f3 prevaricaci\u00f3n al rechazar un incidente relacionado con causas del estallido social, vulnerando la imparcialidad al compartir sala con la jueza Ver\u00f3nica Sabaj.<\/p>\n<p>El caso fue remitido a fiscales para investigaci\u00f3n, y debido a posibles conflictos de inter\u00e9s, siete magistrados se han inhabilitado para revisar la causa.<\/p>\n","protected":false},"excerpt":{"rendered":"<p>El ministro de la Corte de Apelaciones de Santiago, Antonio Ulloa M\u00e1rquez, recibi\u00f3 un rechazo judicial a su solicitud para declarar inadmisible una querella por corrupci\u00f3n presentada en su contra<\/p>\n","protected":false},"author":2,"featured_media":11907,"comment_status":"closed","ping_status":"open","sticky":false,"template":"","format":"standard","meta":{"_jetpack_memberships_contains_paid_content":false,"jnews-multi-image_gallery":[],"jnews_single_post":[],"jnews_primary_category":[],"jnews_social_meta":[],"jnews_paywall_metabox":[],"jnews_review":[],"enable_review":"","type":"","name":"","summary":"","brand":"","sku":"","good":[],"bad":[],"score_override":"","override_value":"","rating":[],"price":[],"jnews_override_counter":[],"jnews_post_split":[],"footnotes":""},"categories":[21],"tags":[],"class_list":["post-11908","post","type-post","status-publish","format-standard","has-post-thumbnail","hentry","category-nacional"],"jetpack_featured_media_url":"https:\/\/laserenaradio.cl\/web\/wp-content\/uploads\/2025\/02\/homepiaiextractoscrapimg_webpministroCorteApelacionesSantiago_1.webp","jetpack_sharing_enabled":true,"_links":{"self":[{"href":"https:\/\/laserenaradio.cl\/web\/wp-json\/wp\/v2\/posts\/11908","targetHints":{"allow":["GET"]}}],"collection":[{"href":"https:\/\/laserenaradio.cl\/web\/wp-json\/wp\/v2\/posts"}],"about":[{"href":"https:\/\/laserenaradio.cl\/web\/wp-json\/wp\/v2\/types\/post"}],"author":[{"embeddable":true,"href":"https:\/\/laserenaradio.cl\/web\/wp-json\/wp\/v2\/users\/2"}],"replies":[{"embeddable":true,"href":"https:\/\/laserenaradio.cl\/web\/wp-json\/wp\/v2\/comments?post=11908"}],"version-history":[{"count":1,"href":"https:\/\/laserenaradio.cl\/web\/wp-json\/wp\/v2\/posts\/11908\/revisions"}],"predecessor-version":[{"id":11909,"href":"https:\/\/laserenaradio.cl\/web\/wp-json\/wp\/v2\/posts\/11908\/revisions\/11909"}],"wp:featuredmedia":[{"embeddable":true,"href":"https:\/\/laserenaradio.cl\/web\/wp-json\/wp\/v2\/media\/11907"}],"wp:attachment":[{"href":"https:\/\/laserenaradio.cl\/web\/wp-json\/wp\/v2\/media?parent=11908"}],"wp:term":[{"taxonomy":"category","embeddable":true,"href":"https:\/\/laserenaradio.cl\/web\/wp-json\/wp\/v2\/categories?post=11908"},{"taxonomy":"post_tag","embeddable":true,"href":"https:\/\/laserenaradio.cl\/web\/wp-json\/wp\/v2\/tags?post=11908"}],"curies":[{"name":"wp","href":"https:\/\/api.w.org\/{rel}","templated":true}]}}