{"id":11902,"date":"2025-02-19T13:03:05","date_gmt":"2025-02-19T16:03:05","guid":{"rendered":"https:\/\/laserenaradio.cl\/web\/?p=11902"},"modified":"2025-02-19T13:03:05","modified_gmt":"2025-02-19T16:03:05","slug":"condenan-a-12-anos-de-presidio-a-un-chileno-por-el-homicidio-de-un-joven-en-mejillones","status":"publish","type":"post","link":"https:\/\/laserenaradio.cl\/web\/2025\/02\/19\/condenan-a-12-anos-de-presidio-a-un-chileno-por-el-homicidio-de-un-joven-en-mejillones\/","title":{"rendered":"Condenan a 12 a\u00f1os de presidio a un chileno por el homicidio de un joven en Mejillones"},"content":{"rendered":"<p><b>El Tribunal de Juicio Oral en lo Penal de Antofagasta sentenci\u00f3 a Kevin Alexander Fern\u00e1ndez Donoso, un chileno de 28 a\u00f1os, a 12 a\u00f1os de presidio efectivo por el homicidio de un joven de 18 a\u00f1os ocurrido el 6 de marzo de 2022 en Mejillones<\/b><!--more-->.<\/p>\n<p>Seg\u00fan la <a href=\"https:\/\/www.fiscaliadechile.cl\/\">Fiscal\u00eda<\/a>, el crimen se produjo en una ri\u00f1a durante la madrugada en un \u00e1rea costera frecuentada por j\u00f3venes, donde Fern\u00e1ndez Donoso propin\u00f3 una estocada mortal a la v\u00edctima.<\/p>\n<p>Adem\u00e1s de la pena de c\u00e1rcel, el condenado qued\u00f3 inhabilitado para cargos p\u00fablicos y derechos pol\u00edticos durante el tiempo de condena.<\/p>\n<p>La sentencia se considera efectiva desde el d\u00eda del crimen, cuando ingres\u00f3 a prisi\u00f3n preventiva.<\/p>\n","protected":false},"excerpt":{"rendered":"<p>El Tribunal de Juicio Oral en lo Penal de Antofagasta sentenci\u00f3 a Kevin Alexander Fern\u00e1ndez Donoso, un chileno de 28 a\u00f1os, a 12 a\u00f1os de presidio efectivo por el homicidio de un joven de 18 a\u00f1os ocurrido el 6 de marzo de 2022 en Mejillones<\/p>\n","protected":false},"author":2,"featured_media":11901,"comment_status":"closed","ping_status":"open","sticky":false,"template":"","format":"standard","meta":{"_jetpack_memberships_contains_paid_content":false,"jnews-multi-image_gallery":[],"jnews_single_post":[],"jnews_primary_category":[],"jnews_social_meta":[],"jnews_paywall_metabox":[],"jnews_review":[],"enable_review":"","type":"","name":"","summary":"","brand":"","sku":"","good":[],"bad":[],"score_override":"","override_value":"","rating":[],"price":[],"jnews_override_counter":[],"jnews_post_split":[],"footnotes":""},"categories":[21],"tags":[],"class_list":["post-11902","post","type-post","status-publish","format-standard","has-post-thumbnail","hentry","category-nacional"],"jetpack_featured_media_url":"https:\/\/laserenaradio.cl\/web\/wp-content\/uploads\/2025\/02\/homepiaiextractoscrapimg_webpDonosochilenopresidiohomicidio_1.webp","jetpack_sharing_enabled":true,"_links":{"self":[{"href":"https:\/\/laserenaradio.cl\/web\/wp-json\/wp\/v2\/posts\/11902","targetHints":{"allow":["GET"]}}],"collection":[{"href":"https:\/\/laserenaradio.cl\/web\/wp-json\/wp\/v2\/posts"}],"about":[{"href":"https:\/\/laserenaradio.cl\/web\/wp-json\/wp\/v2\/types\/post"}],"author":[{"embeddable":true,"href":"https:\/\/laserenaradio.cl\/web\/wp-json\/wp\/v2\/users\/2"}],"replies":[{"embeddable":true,"href":"https:\/\/laserenaradio.cl\/web\/wp-json\/wp\/v2\/comments?post=11902"}],"version-history":[{"count":1,"href":"https:\/\/laserenaradio.cl\/web\/wp-json\/wp\/v2\/posts\/11902\/revisions"}],"predecessor-version":[{"id":11903,"href":"https:\/\/laserenaradio.cl\/web\/wp-json\/wp\/v2\/posts\/11902\/revisions\/11903"}],"wp:featuredmedia":[{"embeddable":true,"href":"https:\/\/laserenaradio.cl\/web\/wp-json\/wp\/v2\/media\/11901"}],"wp:attachment":[{"href":"https:\/\/laserenaradio.cl\/web\/wp-json\/wp\/v2\/media?parent=11902"}],"wp:term":[{"taxonomy":"category","embeddable":true,"href":"https:\/\/laserenaradio.cl\/web\/wp-json\/wp\/v2\/categories?post=11902"},{"taxonomy":"post_tag","embeddable":true,"href":"https:\/\/laserenaradio.cl\/web\/wp-json\/wp\/v2\/tags?post=11902"}],"curies":[{"name":"wp","href":"https:\/\/api.w.org\/{rel}","templated":true}]}}