{"id":11899,"date":"2025-02-19T12:21:26","date_gmt":"2025-02-19T15:21:26","guid":{"rendered":"https:\/\/laserenaradio.cl\/web\/?p=11899"},"modified":"2025-02-19T12:21:26","modified_gmt":"2025-02-19T15:21:26","slug":"damnificados-del-incendio-de-vina-organizan-gala-damnificados","status":"publish","type":"post","link":"https:\/\/laserenaradio.cl\/web\/2025\/02\/19\/damnificados-del-incendio-de-vina-organizan-gala-damnificados\/","title":{"rendered":"Damnificados del incendio de Vi\u00f1a organizan &#8220;Gala Damnificados&#8221;"},"content":{"rendered":"<p><b>Un grupo de damnificados del megaincendio de febrero de 2024 ha organizado una &#8220;Gala Damnificados&#8221; para el viernes 21 de febrero en Vi\u00f1a del Mar, en paralelo a la gala oficial del Festival de Vi\u00f1a del Mar<\/b><!--more-->.<\/p>\n<p>La dirigente social Paola Pizarro, quien organiza el evento, explica que se trata de recordar la tragedia y expresar su dolor por la p\u00e9rdida de hogares.<\/p>\n<p>La &#8220;gala paralela&#8221; incluir\u00e1 presentaciones de dobles de artistas frente al Sporting Club a las 18:00 horas.<\/p>\n<p>Pizarro menciona problemas financieros y de seguridad que llevaron a cancelar los artistas originales.<\/p>\n<p>Tambi\u00e9n critica la falta de inclusi\u00f3n en las reuniones de reconstrucci\u00f3n y expresa preocupaci\u00f3n por la ausencia de recursos para reconstruir antes del invierno.<\/p>\n<p>Adem\u00e1s, se\u00f1ala que otro grupo de damnificados planea una gala paralela y declara no ser responsable de lo que ocurra en esa actividad.<\/p>\n<p>El evento busca llamar la atenci\u00f3n sobre las necesidades de los damnificados y contrastar con el celebraci\u00f3n oficial del festival.<\/p>\n","protected":false},"excerpt":{"rendered":"<p>Un grupo de damnificados del megaincendio de febrero de 2024 ha organizado una &#8220;Gala Damnificados&#8221; para el viernes 21 de febrero en Vi\u00f1a del Mar, en paralelo a la gala oficial del Festival de Vi\u00f1a del Mar<\/p>\n","protected":false},"author":2,"featured_media":11898,"comment_status":"closed","ping_status":"open","sticky":false,"template":"","format":"standard","meta":{"_jetpack_memberships_contains_paid_content":false,"jnews-multi-image_gallery":[],"jnews_single_post":[],"jnews_primary_category":[],"jnews_social_meta":[],"jnews_paywall_metabox":[],"jnews_review":[],"enable_review":"","type":"","name":"","summary":"","brand":"","sku":"","good":[],"bad":[],"score_override":"","override_value":"","rating":[],"price":[],"jnews_override_counter":[],"jnews_post_split":[],"footnotes":""},"categories":[21],"tags":[],"class_list":["post-11899","post","type-post","status-publish","format-standard","has-post-thumbnail","hentry","category-nacional"],"jetpack_featured_media_url":"https:\/\/laserenaradio.cl\/web\/wp-content\/uploads\/2025\/02\/homepiaiextractoscrapimg_webpDamnificadosVina_1.webp","jetpack_sharing_enabled":true,"_links":{"self":[{"href":"https:\/\/laserenaradio.cl\/web\/wp-json\/wp\/v2\/posts\/11899","targetHints":{"allow":["GET"]}}],"collection":[{"href":"https:\/\/laserenaradio.cl\/web\/wp-json\/wp\/v2\/posts"}],"about":[{"href":"https:\/\/laserenaradio.cl\/web\/wp-json\/wp\/v2\/types\/post"}],"author":[{"embeddable":true,"href":"https:\/\/laserenaradio.cl\/web\/wp-json\/wp\/v2\/users\/2"}],"replies":[{"embeddable":true,"href":"https:\/\/laserenaradio.cl\/web\/wp-json\/wp\/v2\/comments?post=11899"}],"version-history":[{"count":1,"href":"https:\/\/laserenaradio.cl\/web\/wp-json\/wp\/v2\/posts\/11899\/revisions"}],"predecessor-version":[{"id":11900,"href":"https:\/\/laserenaradio.cl\/web\/wp-json\/wp\/v2\/posts\/11899\/revisions\/11900"}],"wp:featuredmedia":[{"embeddable":true,"href":"https:\/\/laserenaradio.cl\/web\/wp-json\/wp\/v2\/media\/11898"}],"wp:attachment":[{"href":"https:\/\/laserenaradio.cl\/web\/wp-json\/wp\/v2\/media?parent=11899"}],"wp:term":[{"taxonomy":"category","embeddable":true,"href":"https:\/\/laserenaradio.cl\/web\/wp-json\/wp\/v2\/categories?post=11899"},{"taxonomy":"post_tag","embeddable":true,"href":"https:\/\/laserenaradio.cl\/web\/wp-json\/wp\/v2\/tags?post=11899"}],"curies":[{"name":"wp","href":"https:\/\/api.w.org\/{rel}","templated":true}]}}