{"id":11872,"date":"2025-02-19T10:43:27","date_gmt":"2025-02-19T13:43:27","guid":{"rendered":"https:\/\/laserenaradio.cl\/web\/?p=11872"},"modified":"2025-02-19T10:43:27","modified_gmt":"2025-02-19T13:43:27","slug":"edson-puch-es-ahora-el-genio-que-batio-record-en-copa-libertadores","status":"publish","type":"post","link":"https:\/\/laserenaradio.cl\/web\/2025\/02\/19\/edson-puch-es-ahora-el-genio-que-batio-record-en-copa-libertadores\/","title":{"rendered":"Edson Puch es ahora el genio que bati\u00f3 r\u00e9cord en Copa Libertadores."},"content":{"rendered":"<p><b>Edson Puch marc\u00f3 dos goles clave para Deportes Iquique en su victoria por 2-1 sobre Independiente Santa Fe en el debut del equipo chileno en la Copa Libertadores 2025, convirti\u00e9ndose en el jugador m\u00e1s veterano (38 a\u00f1os) en anotar un doblete en la historia de este torneo<\/b><!--more-->.<\/p>\n<p>Su desempe\u00f1o le vali\u00f3 ser nombrado MVP del partido y rompi\u00f3 el r\u00e9cord anterior establecido por Ricardo Oliveira.<\/p>\n<p>La vuelta se jugar\u00e1 en Bogot\u00e1 el 26 de febrero.<\/p>\n","protected":false},"excerpt":{"rendered":"<p>Edson Puch marc\u00f3 dos goles clave para Deportes Iquique en su victoria por 2-1 sobre Independiente Santa Fe en el debut del equipo chileno en la Copa Libertadores 2025, convirti\u00e9ndose en el jugador m\u00e1s veterano (38 a\u00f1os) en anotar un doblete en la historia de este torneo<\/p>\n","protected":false},"author":2,"featured_media":11871,"comment_status":"closed","ping_status":"open","sticky":false,"template":"","format":"standard","meta":{"_jetpack_memberships_contains_paid_content":false,"jnews-multi-image_gallery":[],"jnews_single_post":[],"jnews_primary_category":[],"jnews_social_meta":[],"jnews_paywall_metabox":[],"jnews_review":[],"enable_review":"","type":"","name":"","summary":"","brand":"","sku":"","good":[],"bad":[],"score_override":"","override_value":"","rating":[],"price":[],"jnews_override_counter":[],"jnews_post_split":[],"footnotes":""},"categories":[84],"tags":[],"class_list":["post-11872","post","type-post","status-publish","format-standard","has-post-thumbnail","hentry","category-deportes"],"jetpack_featured_media_url":"https:\/\/laserenaradio.cl\/web\/wp-content\/uploads\/2025\/02\/homepiaiextractoscrapimg_webpEdsonPuchCopaLibertadoresgolesclave_1.webp","jetpack_sharing_enabled":true,"_links":{"self":[{"href":"https:\/\/laserenaradio.cl\/web\/wp-json\/wp\/v2\/posts\/11872","targetHints":{"allow":["GET"]}}],"collection":[{"href":"https:\/\/laserenaradio.cl\/web\/wp-json\/wp\/v2\/posts"}],"about":[{"href":"https:\/\/laserenaradio.cl\/web\/wp-json\/wp\/v2\/types\/post"}],"author":[{"embeddable":true,"href":"https:\/\/laserenaradio.cl\/web\/wp-json\/wp\/v2\/users\/2"}],"replies":[{"embeddable":true,"href":"https:\/\/laserenaradio.cl\/web\/wp-json\/wp\/v2\/comments?post=11872"}],"version-history":[{"count":1,"href":"https:\/\/laserenaradio.cl\/web\/wp-json\/wp\/v2\/posts\/11872\/revisions"}],"predecessor-version":[{"id":11873,"href":"https:\/\/laserenaradio.cl\/web\/wp-json\/wp\/v2\/posts\/11872\/revisions\/11873"}],"wp:featuredmedia":[{"embeddable":true,"href":"https:\/\/laserenaradio.cl\/web\/wp-json\/wp\/v2\/media\/11871"}],"wp:attachment":[{"href":"https:\/\/laserenaradio.cl\/web\/wp-json\/wp\/v2\/media?parent=11872"}],"wp:term":[{"taxonomy":"category","embeddable":true,"href":"https:\/\/laserenaradio.cl\/web\/wp-json\/wp\/v2\/categories?post=11872"},{"taxonomy":"post_tag","embeddable":true,"href":"https:\/\/laserenaradio.cl\/web\/wp-json\/wp\/v2\/tags?post=11872"}],"curies":[{"name":"wp","href":"https:\/\/api.w.org\/{rel}","templated":true}]}}